{"id":3477,"date":"2025-01-27T08:41:27","date_gmt":"2025-01-27T07:41:27","guid":{"rendered":"https:\/\/www.reer.de\/blog\/?p=3477"},"modified":"2025-03-19T11:53:30","modified_gmt":"2025-03-19T10:53:30","slug":"interview_ceo","status":"publish","type":"post","link":"https:\/\/www.reer.de\/blog\/interview_ceo","title":{"rendered":"Babygl\u00fcck bei reer \u2013 Teil 3: Interview mit reer CEO Tobias M\u00f6rk"},"content":{"rendered":"\n<p>Das Babygl\u00fcck macht auch vor unserem CEO Tobias M\u00f6rk nicht halt. Da waren wir nat\u00fcrlich neugierig: Wie ist es als Chef des Marktf\u00fchrers f\u00fcr Babysicherheit, das erste Mal Papa zu werden? Hat die Rolle bei reer seine Sicht auf die Schwangerschaft seiner Frau ver\u00e4ndert? Gab es vor oder nach der Geburt unerwartete Herausforderungen &#8211; trotz seiner beruflichen Erfahrung? Diese und weitere Fragen beantwortet Dir Tobias im folgenden Video!<\/p>\n\n\n\n<figure class=\"wp-block-embed is-type-video is-provider-youtube wp-block-embed-youtube wp-embed-aspect-16-9 wp-has-aspect-ratio\"><div class=\"wp-block-embed__wrapper\">\n<iframe loading=\"lazy\" title=\"&quot;Eltern werden&quot; - Interview mit CEO Tobias M\u00f6rk\" width=\"709\" height=\"399\" src=\"https:\/\/www.youtube.com\/embed\/QpzaMO3te-8?feature=oembed\" frameborder=\"0\" allow=\"accelerometer; autoplay; clipboard-write; encrypted-media; gyroscope; picture-in-picture; web-share\" referrerpolicy=\"strict-origin-when-cross-origin\" allowfullscreen><\/iframe>\n<\/div><\/figure>\n\n\n\n<hr class=\"wp-block-separator has-alpha-channel-opacity\"\/>\n\n\n\n<div class=\"wp-block-media-text is-stacked-on-mobile\" style=\"grid-template-columns:51% auto\"><figure class=\"wp-block-media-text__media\"><img loading=\"lazy\" decoding=\"async\" width=\"1024\" height=\"1024\" src=\"https:\/\/www.reer.de\/blog\/wp-content\/uploads\/2024\/09\/Kein-Titel-150-x-150-mm-1024x1024.png\" alt=\"\" class=\"wp-image-3390 size-full\" srcset=\"https:\/\/www.reer.de\/blog\/wp-content\/uploads\/2024\/09\/Kein-Titel-150-x-150-mm-1024x1024.png 1024w, https:\/\/www.reer.de\/blog\/wp-content\/uploads\/2024\/09\/Kein-Titel-150-x-150-mm-300x300.png 300w, https:\/\/www.reer.de\/blog\/wp-content\/uploads\/2024\/09\/Kein-Titel-150-x-150-mm-150x150.png 150w, https:\/\/www.reer.de\/blog\/wp-content\/uploads\/2024\/09\/Kein-Titel-150-x-150-mm-768x768.png 768w, https:\/\/www.reer.de\/blog\/wp-content\/uploads\/2024\/09\/Kein-Titel-150-x-150-mm-1536x1536.png 1536w, https:\/\/www.reer.de\/blog\/wp-content\/uploads\/2024\/09\/Kein-Titel-150-x-150-mm.png 1772w\" sizes=\"auto, (max-width: 1024px) 100vw, 1024px\" \/><\/figure><div class=\"wp-block-media-text__content\">\n<p>Wir hatten viel Freude daran, durch dieses Interview nochmal einen anderen Blickwinkel auf die Themen Schwangerschaft und Elternsein zu erlangen. Am Ende haben wir festgestellt, dass es viel mehr Gemeinsamkeiten als Unterschiede gibt. Gerade beim ersten Kind ist ein bisschen Chaos und \u00dcberforderung v\u00f6llig normal &#8211; selbst f\u00fcr den CEO der reer GmbH.<\/p>\n\n\n\n<p>Hoffentlich hattest Du Spa\u00df beim Ansehen!<\/p>\n\n\n\n<p><strong>Liebe Gr\u00fc\u00dfe<\/strong><\/p>\n\n\n\n<p><strong>Annie &amp; Nastja<\/strong><\/p>\n<\/div><\/div>\n\n\n\n<hr class=\"wp-block-separator has-alpha-channel-opacity\"\/>\n\n\n\n<p><strong>Weitere Beitr\u00e4ge zum Thema Schwangerschaft &amp; Babygl\u00fcck findest Du hier:<\/strong><br><br><a href=\"https:\/\/www.reer.de\/blog\/babyglueck_fruehschwangerschaft\" data-type=\"post\" data-id=\"3376\" target=\"_blank\" rel=\"noreferrer noopener\">Babygl\u00fcck bei reer \u2013 Teil 1: Erfahrungen und Tipps f\u00fcr die Fr\u00fchschwangerschaft<\/a><br><a href=\"https:\/\/www.reer.de\/blog\/babyglueck_checkliste\" data-type=\"link\" data-id=\"https:\/\/www.reer.de\/blog\/babyglueck_checkliste\" target=\"_blank\" rel=\"noreferrer noopener\">Babygl\u00fcck bei reer \u2013 Teil 2: Schwangerschafts-Checkliste<\/a><br><a href=\"https:\/\/www.reer.de\/blog\/schwangerschaftsubelkeit\" data-type=\"post\" data-id=\"216\" target=\"_blank\" rel=\"noreferrer noopener\">Das hilft gegen Schwangerschafts\u00fcbelkeit<\/a><br><a href=\"https:\/\/www.reer.de\/blog\/schlafstorungen-in-der-schwangerschaft\" data-type=\"post\" data-id=\"170\">Schlafst\u00f6rungen in der Schwangerschaft<\/a><br><a href=\"https:\/\/www.reer.de\/blog\/viel-trinken-schwangerschaft\" data-type=\"post\" data-id=\"166\" target=\"_blank\" rel=\"noreferrer noopener\">Viel trinken in der Schwangerschaft<\/a><br><a href=\"https:\/\/www.reer.de\/blog\/baby-erstausstattung\" data-type=\"post\" data-id=\"247\" target=\"_blank\" rel=\"noreferrer noopener\">Was geh\u00f6rt zur Erstlingssausstattung<\/a><br><a href=\"https:\/\/www.reer.de\/blog\/geburtstermin-berechnen-so-gehts\" data-type=\"post\" data-id=\"2750\" target=\"_blank\" rel=\"noreferrer noopener\">Geburtstermin berechnen: So geht&#8217;s!<\/a><\/p>\n\n\n\n<p><strong>In unserem Shop findest Du hilfreiche Artikel:<\/strong><\/p>\n\n\n\n<div class=\"wp-block-columns has-cyan-bluish-gray-background-color has-background is-layout-flex wp-container-core-columns-is-layout-9d6595d7 wp-block-columns-is-layout-flex\">\n<div class=\"wp-block-column is-layout-flow wp-block-column-is-layout-flow\">\n<figure class=\"wp-block-image size-large\"><img loading=\"lazy\" decoding=\"async\" width=\"1024\" height=\"1024\" src=\"https:\/\/www.reer.de\/blog\/wp-content\/uploads\/2025\/01\/31102_Massageroller_Collage-00_DE-1024x1024.jpg\" alt=\"\" class=\"wp-image-3478\" srcset=\"https:\/\/www.reer.de\/blog\/wp-content\/uploads\/2025\/01\/31102_Massageroller_Collage-00_DE-1024x1024.jpg 1024w, https:\/\/www.reer.de\/blog\/wp-content\/uploads\/2025\/01\/31102_Massageroller_Collage-00_DE-300x300.jpg 300w, https:\/\/www.reer.de\/blog\/wp-content\/uploads\/2025\/01\/31102_Massageroller_Collage-00_DE-150x150.jpg 150w, https:\/\/www.reer.de\/blog\/wp-content\/uploads\/2025\/01\/31102_Massageroller_Collage-00_DE-768x768.jpg 768w, https:\/\/www.reer.de\/blog\/wp-content\/uploads\/2025\/01\/31102_Massageroller_Collage-00_DE.jpg 1500w\" sizes=\"auto, (max-width: 1024px) 100vw, 1024px\" \/><\/figure>\n\n\n\n<h2 class=\"wp-block-heading has-medium-font-size\">reer mama<br>Massageroller<\/h2>\n\n\n\n<ul class=\"wp-block-list\" id=\"block-299cb535-dee4-4f1e-ad83-49724cd9220b\">\n<li>wohltuende Massage f\u00fcr Nacken und R\u00fccken w\u00e4hrend der Schwangerschaft<\/li>\n\n\n\n<li>vielseitig einsetzbar: R\u00fccken, Nacken, Arme oder Beine<\/li>\n\n\n\n<li>praktischer Griff erm\u00f6glicht eine individuelle Massagest\u00e4rke<\/li>\n\n\n\n<li>kann das L\u00f6sen von Verspannungen f\u00f6rdern<br><\/li>\n<\/ul>\n\n\n\n<div class=\"wp-block-buttons is-layout-flex wp-block-buttons-is-layout-flex\">\n<div class=\"wp-block-button\"><a class=\"wp-block-button__link wp-element-button\" href=\"https:\/\/www.reer.de\/Massageroller\">Jetzt kaufen<\/a><\/div>\n<\/div>\n<\/div>\n\n\n\n<div class=\"wp-block-column is-layout-flow wp-block-column-is-layout-flow\">\n<figure class=\"wp-block-image size-large\"><img loading=\"lazy\" decoding=\"async\" width=\"1024\" height=\"1024\" src=\"https:\/\/www.reer.de\/blog\/wp-content\/uploads\/2025\/01\/31151_Stillkissen_Air_Collage-00_DE-1024x1024.jpg\" alt=\"\" class=\"wp-image-3479\" srcset=\"https:\/\/www.reer.de\/blog\/wp-content\/uploads\/2025\/01\/31151_Stillkissen_Air_Collage-00_DE-1024x1024.jpg 1024w, https:\/\/www.reer.de\/blog\/wp-content\/uploads\/2025\/01\/31151_Stillkissen_Air_Collage-00_DE-300x300.jpg 300w, https:\/\/www.reer.de\/blog\/wp-content\/uploads\/2025\/01\/31151_Stillkissen_Air_Collage-00_DE-150x150.jpg 150w, https:\/\/www.reer.de\/blog\/wp-content\/uploads\/2025\/01\/31151_Stillkissen_Air_Collage-00_DE-768x768.jpg 768w, https:\/\/www.reer.de\/blog\/wp-content\/uploads\/2025\/01\/31151_Stillkissen_Air_Collage-00_DE.jpg 1500w\" sizes=\"auto, (max-width: 1024px) 100vw, 1024px\" \/><\/figure>\n\n\n\n<h2 class=\"wp-block-heading has-medium-font-size\">reer mama<br>Stillkissen Air<\/h2>\n\n\n\n<ul class=\"wp-block-list\" id=\"block-299cb535-dee4-4f1e-ad83-49724cd9220b\">\n<li>f\u00fcr ein angenehmes und ergonomisches Stillerlebnis<\/li>\n\n\n\n<li>erleichtert die Positionierung des Babys<\/li>\n\n\n\n<li>handliche und kompakte Form \u2013 ideal f\u00fcr unterwegs<\/li>\n\n\n\n<li>l\u00e4sst sich in Sekundenschnelle aufblasen oder entleeren<\/li>\n\n\n\n<li>F\u00fcllvolumen individuell regulierbar<\/li>\n<\/ul>\n\n\n\n<div class=\"wp-block-buttons is-layout-flex wp-block-buttons-is-layout-flex\">\n<div class=\"wp-block-button\"><a class=\"wp-block-button__link wp-element-button\" href=\"https:\/\/www.reer.de\/reer-mama-Stillkissen-air\" target=\"_blank\" rel=\"noreferrer noopener\">Jetzt kaufen<\/a><\/div>\n<\/div>\n<\/div>\n\n\n\n<div class=\"wp-block-column is-layout-flow wp-block-column-is-layout-flow\">\n<figure class=\"wp-block-image size-large\"><img loading=\"lazy\" decoding=\"async\" width=\"1024\" height=\"1024\" src=\"https:\/\/www.reer.de\/blog\/wp-content\/uploads\/2025\/01\/31130_Waschbare-Stilleinlagen_Collage-00_DE-1024x1024.jpg\" alt=\"\" class=\"wp-image-3480\" srcset=\"https:\/\/www.reer.de\/blog\/wp-content\/uploads\/2025\/01\/31130_Waschbare-Stilleinlagen_Collage-00_DE-1024x1024.jpg 1024w, https:\/\/www.reer.de\/blog\/wp-content\/uploads\/2025\/01\/31130_Waschbare-Stilleinlagen_Collage-00_DE-300x300.jpg 300w, https:\/\/www.reer.de\/blog\/wp-content\/uploads\/2025\/01\/31130_Waschbare-Stilleinlagen_Collage-00_DE-150x150.jpg 150w, https:\/\/www.reer.de\/blog\/wp-content\/uploads\/2025\/01\/31130_Waschbare-Stilleinlagen_Collage-00_DE-768x768.jpg 768w, https:\/\/www.reer.de\/blog\/wp-content\/uploads\/2025\/01\/31130_Waschbare-Stilleinlagen_Collage-00_DE.jpg 1500w\" sizes=\"auto, (max-width: 1024px) 100vw, 1024px\" \/><\/figure>\n\n\n\n<h2 class=\"wp-block-heading has-medium-font-size\">reer mama<br>Waschbare Stilleinlagen<\/h2>\n\n\n\n<ul class=\"wp-block-list\" id=\"block-299cb535-dee4-4f1e-ad83-49724cd9220b\">\n<li>zuverl\u00e4ssiger Auslaufschutz: saugstarker Kern und undurchl\u00e4ssige Au\u00dfenseite<\/li>\n\n\n\n<li>formstabil f\u00fcr einen sicheren und diskreten Halt<\/li>\n\n\n\n<li>wiederverwendbar und nachhaltig: maschinenwaschbar<\/li>\n\n\n\n<li>8-teiliges-Set inklusive W\u00e4schenetz<\/li>\n\n\n\n<li>Farbe: wei\u00df<\/li>\n<\/ul>\n\n\n\n<div class=\"wp-block-buttons is-layout-flex wp-block-buttons-is-layout-flex\">\n<div class=\"wp-block-button\"><a class=\"wp-block-button__link wp-element-button\" href=\"https:\/\/www.reer.de\/Waschbare-Stilleinlagen\" target=\"_blank\" rel=\"noreferrer noopener\">Jetzt kaufen<\/a><\/div>\n<\/div>\n<\/div>\n<\/div>\n","protected":false},"excerpt":{"rendered":"<p>Das Babygl\u00fcck macht auch vor unserem CEO Tobias M\u00f6rk nicht halt. Da waren wir nat\u00fcrlich neugierig: Wie ist es als [&hellip;]<\/p>\n","protected":false},"author":10,"featured_media":3495,"comment_status":"closed","ping_status":"open","sticky":false,"template":"","format":"standard","meta":{"footnotes":""},"categories":[9,7],"tags":[28,33,36,37,34,35,31,32],"class_list":["post-3477","post","type-post","status-publish","format-standard","has-post-thumbnail","hentry","category-babys-erstes-jahr","category-hinter-den-kulissen","tag-baby","tag-babyglueck","tag-erstes-kind","tag-geburt","tag-reer","tag-reer-gmbh","tag-schwanger","tag-schwangerschaft"],"_links":{"self":[{"href":"https:\/\/www.reer.de\/blog\/wp-json\/wp\/v2\/posts\/3477","targetHints":{"allow":["GET"]}}],"collection":[{"href":"https:\/\/www.reer.de\/blog\/wp-json\/wp\/v2\/posts"}],"about":[{"href":"https:\/\/www.reer.de\/blog\/wp-json\/wp\/v2\/types\/post"}],"author":[{"embeddable":true,"href":"https:\/\/www.reer.de\/blog\/wp-json\/wp\/v2\/users\/10"}],"replies":[{"embeddable":true,"href":"https:\/\/www.reer.de\/blog\/wp-json\/wp\/v2\/comments?post=3477"}],"version-history":[{"count":3,"href":"https:\/\/www.reer.de\/blog\/wp-json\/wp\/v2\/posts\/3477\/revisions"}],"predecessor-version":[{"id":3484,"href":"https:\/\/www.reer.de\/blog\/wp-json\/wp\/v2\/posts\/3477\/revisions\/3484"}],"wp:featuredmedia":[{"embeddable":true,"href":"https:\/\/www.reer.de\/blog\/wp-json\/wp\/v2\/media\/3495"}],"wp:attachment":[{"href":"https:\/\/www.reer.de\/blog\/wp-json\/wp\/v2\/media?parent=3477"}],"wp:term":[{"taxonomy":"category","embeddable":true,"href":"https:\/\/www.reer.de\/blog\/wp-json\/wp\/v2\/categories?post=3477"},{"taxonomy":"post_tag","embeddable":true,"href":"https:\/\/www.reer.de\/blog\/wp-json\/wp\/v2\/tags?post=3477"}],"curies":[{"name":"wp","href":"https:\/\/api.w.org\/{rel}","templated":true}]}}