{"id":3376,"date":"2024-09-16T09:42:36","date_gmt":"2024-09-16T07:42:36","guid":{"rendered":"https:\/\/www.reer.de\/blog\/?p=3376"},"modified":"2024-10-07T14:49:14","modified_gmt":"2024-10-07T12:49:14","slug":"babyglueck_fruehschwangerschaft","status":"publish","type":"post","link":"https:\/\/www.reer.de\/blog\/babyglueck_fruehschwangerschaft","title":{"rendered":"Babygl\u00fcck bei reer \u2013 Teil 1: Erfahrungen und Tipps f\u00fcr die Fr\u00fchschwangerschaft"},"content":{"rendered":"\n<p>Herzlichen Gl\u00fcckwunsch, Du bist schwanger! Ein Moment voller Freude, Aufregung und wahrscheinlich auch ein bisschen Unsicherheit. Die&nbsp;Fr\u00fchschwangerschaft&nbsp;ist eine spannende Phase, in der viele Fragen auf Dich zukommen. Wir helfen Dir, Dich in dieser Phase der&nbsp;Schwangerschaft&nbsp;zurechtzufinden, und unterst\u00fctzen Dich mit n\u00fctzlichen Tipps und Informationen.<\/p>\n\n\n\n<h2 class=\"wp-block-heading\">Erste Fragen nach dem positiven Schwangerschaftstest<\/h2>\n\n\n\n<p>Ein positiver Schwangerschaftstest ist ein besonderer Moment. Danach geht es direkt los mit den Gedanken und Fragen: Wie wird mein Partner reagieren? Was darf ich&nbsp;jetzt eigentlich noch essen? Welche Medikamente sind sicher? Darf ich meinen geliebten Kaffee weiterhin genie\u00dfen?<\/p>\n\n\n\n<p><strong>Wie sage ich es meinem Partner, Freunden, Familie &amp; Arbeitgeber?<\/strong><\/p>\n\n\n\n<p>Es ist Deine Entscheidung, wann und wie Du die Nachricht \u00fcber Deine&nbsp;Schwangerschaft&nbsp;teilst. Den Partner kannst Du sicher gleich einweihen, w\u00e4hrend Du f\u00fcr Freunde und Familie vielleicht einen besonderen Moment abwartest. Deinen Arbeitgeber solltest Du rechtzeitig \u00fcber die&nbsp;Schwangerschaft&nbsp;informieren, um rechtliche und organisatorische Fragen zu kl\u00e4ren. Die meisten M\u00fctter w\u00e4hlen den Zeitpunkt nach der 12. Woche der&nbsp;Fr\u00fchschwangerschaft, wenn die&nbsp;Schwangerschaft&nbsp;sicherer ist.<br><br><strong>Was darf ich und was nicht?<\/strong><\/p>\n\n\n\n<p><strong>&#8211; Ern\u00e4hrung &#8211;<\/strong> In der&nbsp;Schwangerschaft&nbsp;ist es wichtig, auf eine ausgewogene Ern\u00e4hrung zu achten. Lebensmittel wie rohes Fleisch, roher Fisch und unpasteurisierte Milchprodukte k\u00f6nnen sch\u00e4dliche Bakterien enthalten und sollten grunds\u00e4tzlich&nbsp;vermieden werden. Achte auf eine ausgewogene Ern\u00e4hrung mit viel Obst, Gem\u00fcse, Vollkornprodukten und pflanzlichen Eiwei\u00dfquellen.<\/p>\n\n\n\n<p><strong>&#8211; Medikamente &#8211;<\/strong> Einige Medikamente sind w\u00e4hrend der&nbsp;Schwangerschaft&nbsp;nicht geeignet, darunter g\u00e4ngige Schmerzmittel wie Ibuprofen. Lies sicherheitshalber vor Einnahme von Medikamenten die entsprechende Packungsbeilage oder spreche mit Deinem Arzt oder Deiner \u00c4rztin. Ein weiterer Tipp ist die Seite <a href=\"https:\/\/www.embryotox.de\/\" target=\"_blank\" rel=\"noreferrer noopener\">Embryotex.de<\/a>, wo Du pr\u00fcfen kannst, ob das Medikament in der Schwangerschaft erlaubt ist oder nicht.<br><br><strong>&#8211; Koffein &#8211;<\/strong> Die <a href=\"https:\/\/www.efsa.europa.eu\/de\/topics\/topic\/caffeine\" data-type=\"link\" data-id=\"https:\/\/www.efsa.europa.eu\/de\/topics\/topic\/caffeine\" target=\"_blank\" rel=\"noreferrer noopener\">Europ\u00e4ische Beh\u00f6rde f\u00fcr Lebensmittelsicherheit (EFSA)<\/a> empfiehlt, in der&nbsp;Schwangerschaft&nbsp;die t\u00e4gliche Koffeinmenge auf maximal 200 Milligramm zu beschr\u00e4nken, das entspricht etwa zwei Tassen Filterkaffee. Denk dran: Koffein ist nicht nur im Kaffee, sondern kommt auch in Lebensmitteln wie Tee, Limonaden, Schokolade oder Kakao vor. Koffein ist also nicht verboten, sollte aber nur in Ma\u00dfen eingenommen werden.<br><br><strong>&#8211; Sport &#8211; <\/strong>Bewegung ist in der&nbsp;Schwangerschaft&nbsp;wichtig, solange sie moderat bleibt. Spazieren gehen, Schwimmen und Yoga sind ideal. Vermeide in der&nbsp;Fr\u00fchschwangerschaft&nbsp;Sportarten mit hohem Sturzrisiko.<\/p>\n\n\n\n<p><strong>&#8211; Impfungen &#8211;<\/strong> In der&nbsp;Schwangerschaft&nbsp;gilt, Impfungen sollten nur dann durchgef\u00fchrt werden, wenn sie unbedingt notwendig sind. Impfstoffe wie Tetanus, Diphtherie, Pertussis sowie Hepatitis A und B k\u00f6nnen in dieser Zeit sicher verabreicht werden. Das gilt auch f\u00fcr die Grippeimpfung. Umstritten sind wiederum Impfungen mit Lebendviren, wie gegen Masern, Mumps, R\u00f6teln oder Windpocken. Wenn Du unsicher bist, suche das Gespr\u00e4ch mit Deiner \u00c4rztin und hole Dir eine professionelle Beratung.<\/p>\n\n\n\n<p><strong>Was ben\u00f6tigt mein K\u00f6rper? Brauche ich Nahrungserg\u00e4nzungsmittel?<\/strong><\/p>\n\n\n\n<p>Schwangere ben\u00f6tigen nur wenig zus\u00e4tzliche Energie, aber mehr Vitamine und Mineralstoffe, insbesondere Fols\u00e4ure, Vitamin B12, Eisen, Calcium, &nbsp;Zink, Jod, und Omega-3-Fetts\u00e4uren sind wichtig. Fols\u00e4ure spielt eine entscheidende Rolle bei der Zellteilung und Blutbildung und sollte m\u00f6glichst schon vor der&nbsp;Schwangerschaft, sp\u00e4testens aber in der&nbsp;Fr\u00fchschwangerschaft&nbsp;eingenommen werden.<\/p>\n\n\n\n<p><strong>Wie gehe ich in der&nbsp;Fr\u00fchschwangerschaft&nbsp;mit der \u00dcbelkeit um?<\/strong><\/p>\n\n\n\n<p>Die typische Filmszene: Eine Frau st\u00fcrmt morgens ins Bad und \u00fcbergibt sich lautstark. Solche Momente werden Dir wom\u00f6glich auch noch begegnen. &nbsp;Viele werdende M\u00fctter k\u00e4mpfen in der&nbsp;Fr\u00fchschwangerschaft&nbsp;mit \u00dcbelkeit. Kleine, h\u00e4ufige Mahlzeiten und viel Ruhe k\u00f6nnen helfen. Auch <a href=\"https:\/\/www.reer.de\/reer-mama-Akupressur-Armband]Akkupressurarmb\u00e4nder\" data-type=\"link\" data-id=\"https:\/\/www.reer.de\/reer-mama-Akupressur-Armband]Akkupressurarmb\u00e4nder\" target=\"_blank\" rel=\"noreferrer noopener\">Akupressur-Armb\u00e4nder <\/a>haben sich f\u00fcr uns bew\u00e4hrt.<\/p>\n\n\n\n<h2 class=\"wp-block-heading\">Der K\u00f6rper ver\u00e4ndert sich w\u00e4hrend der Schwangerschaft<\/h2>\n\n\n\n<p>Jede&nbsp;Schwangerschaft&nbsp;ist einzigartig, und jede werdende Mutter erlebt diese Zeit anders. Dein K\u00f6rper ver\u00e4ndert sich, um Platz f\u00fcr Deinen kleinen Liebling zu schaffen. Mache Dir deshalb keine Sorgen um Deine Gewichtszunahme. Diese ist v\u00f6llig&nbsp;normal und gesund. Gerade in der&nbsp;Fr\u00fchschwangerschaft&nbsp;ist es wichtig, Dich nicht mit anderen zu vergleichen, denn jeder K\u00f6rper ist anders. Wir geben aber zu, dass auch uns das nicht immer leichtgefallen ist.<br><br>Bedenke, dass Du nicht mehr nur f\u00fcr Dich selbst sondern noch f\u00fcr einen weiteren Menschen sorgst, was besonders in der&nbsp;Fr\u00fchschwangerschaft&nbsp;ein Balanceakt sein kann. Gleichzeitig auf Deine eigenen und die Bed\u00fcrfnisse Deines Babys zu achten, ist keine leichte Aufgabe. Das ein oder andere Kilo mehr ist da wirklich nicht schlimm.<\/p>\n\n\n\n<p><strong>Was ziehe ich an?<\/strong><\/p>\n\n\n\n<p>Fr\u00fcher oder sp\u00e4ter wird Dir Deine normale Kleidung nicht mehr passen \u2013 das kennen wir alle. Unsere Devise: Bequemlichkeit steht jetzt an erster Stelle. Ein <a href=\"https:\/\/www.reer.de\/reer-mama-Hosenerweiterungs-Set\" target=\"_blank\" rel=\"noreferrer noopener\">Hosenerweiterungsset<\/a> hat uns dabei geholfen, unsere Lieblingsjeans etwas l\u00e4nger zu tragen.<\/p>\n\n\n\n<p><strong>Wie gehe ich mit Kommentaren um?<\/strong><\/p>\n\n\n\n<p>Viele werdende M\u00fctter erleben, dass pl\u00f6tzlich jeder etwas \u00fcber ihre k\u00f6rperlichen Ver\u00e4nderungen zu sagen hat, oder sogar ungefragt den Bauch anfassen m\u00f6chte. Das kann einen besonders in der&nbsp;Fr\u00fchschwangerschaft belasten. <strong>Merke Dir:<\/strong> Du hast das Recht, Deine Grenzen zu setzen und Dich dabei wohlzuf\u00fchlen.<\/p>\n\n\n\n<h2 class=\"wp-block-heading\">Sorgen &amp; Identit\u00e4tskrisen in der Fr\u00fchschwangerschaft<\/h2>\n\n\n\n<p>Eine&nbsp;Schwangerschaft&nbsp;bringt nicht nur k\u00f6rperliche Ver\u00e4nderungen mit sich, sondern auch ein Wechselbad der Gef\u00fchle. Besonders in der&nbsp;Fr\u00fchschwangerschaft&nbsp;k\u00f6nnen Freude und Angst, Hoffnung und Zweifel aufeinanderprallen. Meist sind es Hormone, die in der&nbsp;Fr\u00fchschwangerschaft&nbsp;f\u00fcr solche Achterbahnfahrten verantwortlich sind.<br><br>Manchmal kann die Realit\u00e4t der&nbsp;Schwangerschaft&nbsp;\u00fcberw\u00e4ltigend sein. Die Gedanken dar\u00fcber, ob man bereit ist oder eine gute Mutter sein wird, sind besonders in der&nbsp;Fr\u00fchschwangerschaft&nbsp;v\u00f6llig normal und absolut kein Grund, sich zu sch\u00e4men.<br><br>Auch Sorgen um die Gesundheit des Babys sind v\u00f6llig&nbsp;verst\u00e4ndlich. Statistisch gesehen verlaufen die meisten Schwangerschaften aber ohne Komplikationen. Es ist beruhigend zu wissen, dass Du regelm\u00e4\u00dfig zu Untersuchungen gehst und Dein Arzt oder Deine \u00c4rztin immer ein Auge auf Dein Baby hat.<\/p>\n\n\n\n<h2 class=\"wp-block-heading\">Fazit: Genie\u00dfe Deine Schwangerschaft!<\/h2>\n\n\n\n<p>Die&nbsp;Fr\u00fchschwangerschaft&nbsp;ist eine aufregende Zeit voller neuer Erfahrungen und Gef\u00fchle. Sie bringt viele Herausforderungen, aber auch unendlich viele sch\u00f6ne Momente mit sich. Genie\u00dfe diese besondere Phase Deiner&nbsp;Schwangerschaft, h\u00f6re auf Deinen K\u00f6rper und hab keine Angst, Fragen zu stellen. Dein Baby wird bald bei Dir sein, und bis dahin freuen wir uns, Dich auf Deiner <a href=\"https:\/\/www.reer.de\" target=\"_blank\" rel=\"noreferrer noopener\">Reise zur Mutterschaft<\/a> zu begleiten.<\/p>\n\n\n\n<p><\/p>\n\n\n\n<hr class=\"wp-block-separator has-alpha-channel-opacity\"\/>\n\n\n\n<div class=\"wp-block-media-text is-stacked-on-mobile\" style=\"grid-template-columns:51% auto\"><figure class=\"wp-block-media-text__media\"><img loading=\"lazy\" decoding=\"async\" width=\"1024\" height=\"1024\" src=\"https:\/\/www.reer.de\/blog\/wp-content\/uploads\/2024\/09\/Kein-Titel-150-x-150-mm-1024x1024.png\" alt=\"\" class=\"wp-image-3390 size-full\" srcset=\"https:\/\/www.reer.de\/blog\/wp-content\/uploads\/2024\/09\/Kein-Titel-150-x-150-mm-1024x1024.png 1024w, https:\/\/www.reer.de\/blog\/wp-content\/uploads\/2024\/09\/Kein-Titel-150-x-150-mm-300x300.png 300w, https:\/\/www.reer.de\/blog\/wp-content\/uploads\/2024\/09\/Kein-Titel-150-x-150-mm-150x150.png 150w, https:\/\/www.reer.de\/blog\/wp-content\/uploads\/2024\/09\/Kein-Titel-150-x-150-mm-768x768.png 768w, https:\/\/www.reer.de\/blog\/wp-content\/uploads\/2024\/09\/Kein-Titel-150-x-150-mm-1536x1536.png 1536w, https:\/\/www.reer.de\/blog\/wp-content\/uploads\/2024\/09\/Kein-Titel-150-x-150-mm.png 1772w\" sizes=\"auto, (max-width: 1024px) 100vw, 1024px\" \/><\/figure><div class=\"wp-block-media-text__content\">\n<p>Als Mitarbeiterinnen bei <a href=\"http:\/\/reer.de\" data-type=\"link\" data-id=\"reer.de\" target=\"_blank\" rel=\"noreferrer noopener\">reer<\/a> wissen wir aus eigener Erfahrung, wie es ist, w\u00e4hrend der&nbsp;Schwangerschaft&nbsp;in der Babybranche zu arbeiten und haben dies durchaus als eine Bereicherung erlebt. Trotzdem haben auch uns viele Fragen und Unsicherheiten besch\u00e4ftigt, die wir hier mit Dir teilen wollen. Unsere Message an Dich: Du bist nicht alleine &amp; wir alle sitzen im gleichen Boot!<\/p>\n\n\n\n<p><strong>Liebe Gr\u00fc\u00dfe<\/strong><\/p>\n\n\n\n<p><strong>Annie &amp; Nastja<\/strong><\/p>\n<\/div><\/div>\n\n\n\n<hr class=\"wp-block-separator has-alpha-channel-opacity\"\/>\n\n\n\n<p><\/p>\n\n\n\n<p><strong>Weitere Beitr\u00e4ge zum Thema Schwangerschaft findest Du hier:<\/strong><br><a href=\"https:\/\/www.reer.de\/blog\/babyglueck_checkliste\" data-type=\"post\" data-id=\"3400\">Babygl\u00fcck bei reer &#8211; Teil 2: Schwangerschafts-Checkliste<\/a><br><a href=\"https:\/\/www.reer.de\/blog\/bin-ich-schwanger-die-ersten-anzeichen-erkennen\" data-type=\"post\" data-id=\"255\" target=\"_blank\" rel=\"noreferrer noopener\">Bin ich schwanger? Erste Anzeichen erkennen<\/a><br><a href=\"https:\/\/www.reer.de\/blog\/was-passiert-mit-mir-und-meinem-baby\" data-type=\"post\" data-id=\"188\" target=\"_blank\" rel=\"noreferrer noopener\">Was passiert mit mir und meinem Baby?<\/a><br><a href=\"https:\/\/www.reer.de\/blog\/schwangerschaftsubelkeit\" data-type=\"post\" data-id=\"216\" target=\"_blank\" rel=\"noreferrer noopener\">Das hilft gegen Schwangerschafts\u00fcbelkeit<\/a><br><a href=\"https:\/\/www.reer.de\/blog\/schlafstorungen-in-der-schwangerschaft\" data-type=\"post\" data-id=\"170\">Schlafst\u00f6rungen in der Schwangerschaft<\/a><br><a href=\"https:\/\/www.reer.de\/blog\/viel-trinken-schwangerschaft\" data-type=\"post\" data-id=\"166\" target=\"_blank\" rel=\"noreferrer noopener\">Viel trinken in der Schwangerschaft<\/a><br><a href=\"https:\/\/www.reer.de\/blog\/baby-erstausstattung\" data-type=\"post\" data-id=\"247\" target=\"_blank\" rel=\"noreferrer noopener\">Was geh\u00f6rt zur Erstlingssausstattung<\/a><br><a href=\"https:\/\/www.reer.de\/blog\/geburtstermin-berechnen-so-gehts\" data-type=\"post\" data-id=\"2750\" target=\"_blank\" rel=\"noreferrer noopener\">Geburtstermin berechnen: So geht&#8217;s!<\/a><\/p>\n\n\n\n<p><strong>In unserem Shop findest Du hilfreiche Artikel f\u00fcr Deine Schwangerschaft:<\/strong><\/p>\n\n\n\n<div class=\"wp-block-columns has-cyan-bluish-gray-background-color has-background is-layout-flex wp-container-core-columns-is-layout-9d6595d7 wp-block-columns-is-layout-flex\">\n<div class=\"wp-block-column is-layout-flow wp-block-column-is-layout-flow\">\n<figure class=\"wp-block-image size-large\"><a href=\"https:\/\/www.reer.de\/reer-mama-Gymnastikball\" target=\"_blank\" rel=\"noreferrer noopener\"><img loading=\"lazy\" decoding=\"async\" width=\"1024\" height=\"1024\" src=\"https:\/\/www.reer.de\/blog\/wp-content\/uploads\/2024\/09\/31081_Gymnastikball_Collage_de_00_1920x1920-1024x1024.jpg\" alt=\"\" class=\"wp-image-3378\" srcset=\"https:\/\/www.reer.de\/blog\/wp-content\/uploads\/2024\/09\/31081_Gymnastikball_Collage_de_00_1920x1920-1024x1024.jpg 1024w, https:\/\/www.reer.de\/blog\/wp-content\/uploads\/2024\/09\/31081_Gymnastikball_Collage_de_00_1920x1920-300x300.jpg 300w, https:\/\/www.reer.de\/blog\/wp-content\/uploads\/2024\/09\/31081_Gymnastikball_Collage_de_00_1920x1920-150x150.jpg 150w, https:\/\/www.reer.de\/blog\/wp-content\/uploads\/2024\/09\/31081_Gymnastikball_Collage_de_00_1920x1920-768x768.jpg 768w, https:\/\/www.reer.de\/blog\/wp-content\/uploads\/2024\/09\/31081_Gymnastikball_Collage_de_00_1920x1920.jpg 1200w\" sizes=\"auto, (max-width: 1024px) 100vw, 1024px\" \/><\/a><\/figure>\n\n\n\n<h2 class=\"wp-block-heading has-medium-font-size\">reer mama<br>Gymnastikball<\/h2>\n\n\n\n<ul class=\"wp-block-list\" id=\"block-299cb535-dee4-4f1e-ad83-49724cd9220b\">\n<li>ideal zur Entspannung und Kr\u00e4ftigung der Muskulatur vor, w\u00e4hrend und nach der Schwangerschaft<\/li>\n\n\n\n<li>geeignet f\u00fcr Beckenbodentraining, bei R\u00fcckenschmerzen, Verspannungen oder ein r\u00fcckenschonendes Sitzen in der Schwangerschaft<\/li>\n\n\n\n<li>rutschhemmende Oberfl\u00e4che f\u00fcr einen sicheren Halt<\/li>\n\n\n\n<li>sofort einsatzbereit durch mitgelieferte Pumpe<br><\/li>\n<\/ul>\n\n\n\n<div class=\"wp-block-buttons is-layout-flex wp-block-buttons-is-layout-flex\">\n<div class=\"wp-block-button\"><a class=\"wp-block-button__link wp-element-button\" href=\"https:\/\/www.reer.de\/reer-mama-Gymnastikball\" target=\"_blank\" rel=\"noreferrer noopener\">Jetzt kaufen<\/a><\/div>\n<\/div>\n<\/div>\n\n\n\n<div class=\"wp-block-column is-layout-flow wp-block-column-is-layout-flow\">\n<figure class=\"wp-block-image size-large\"><a href=\"https:\/\/www.reer.de\/reer-mama-Akupressur-Armband\" target=\"_blank\" rel=\"noreferrer noopener\"><img loading=\"lazy\" decoding=\"async\" width=\"1024\" height=\"1024\" src=\"https:\/\/www.reer.de\/blog\/wp-content\/uploads\/2024\/09\/31031_Akupressur-Armband_Collage_de_00_1920x1920-1024x1024.jpg\" alt=\"\" class=\"wp-image-3380\" srcset=\"https:\/\/www.reer.de\/blog\/wp-content\/uploads\/2024\/09\/31031_Akupressur-Armband_Collage_de_00_1920x1920-1024x1024.jpg 1024w, https:\/\/www.reer.de\/blog\/wp-content\/uploads\/2024\/09\/31031_Akupressur-Armband_Collage_de_00_1920x1920-300x300.jpg 300w, https:\/\/www.reer.de\/blog\/wp-content\/uploads\/2024\/09\/31031_Akupressur-Armband_Collage_de_00_1920x1920-150x150.jpg 150w, https:\/\/www.reer.de\/blog\/wp-content\/uploads\/2024\/09\/31031_Akupressur-Armband_Collage_de_00_1920x1920-768x768.jpg 768w, https:\/\/www.reer.de\/blog\/wp-content\/uploads\/2024\/09\/31031_Akupressur-Armband_Collage_de_00_1920x1920.jpg 1200w\" sizes=\"auto, (max-width: 1024px) 100vw, 1024px\" \/><\/a><\/figure>\n\n\n\n<h2 class=\"wp-block-heading has-medium-font-size\">reer mama<br>Akupressur-Armband<\/h2>\n\n\n\n<ul class=\"wp-block-list\" id=\"block-299cb535-dee4-4f1e-ad83-49724cd9220b\">\n<li>befreit auf nat\u00fcrliche Weise von Schwangerschafts\u00fcbelkeit<\/li>\n\n\n\n<li>Bandinnenseite stimuliert den Akupressurpunkt \u201eNai-Kuan\u201c<\/li>\n\n\n\n<li>wirkt schnell &amp; effektiv ohne Medikamente oder Nebenwirkungen<\/li>\n\n\n\n<li>elastisches, flexibles, hautfreundliches Material f\u00fcr einen hohen Tragekomfort<\/li>\n\n\n\n<li>geeignet f\u00fcr ein Handgelenkumfang von max. 16 cm<\/li>\n<\/ul>\n\n\n\n<div class=\"wp-block-buttons is-layout-flex wp-block-buttons-is-layout-flex\">\n<div class=\"wp-block-button\"><a class=\"wp-block-button__link wp-element-button\" href=\"https:\/\/www.reer.de\/reer-mama-Akupressur-Armband\" target=\"_blank\" rel=\"noreferrer noopener\">Jetzt kaufen<\/a><\/div>\n<\/div>\n<\/div>\n\n\n\n<div class=\"wp-block-column is-layout-flow wp-block-column-is-layout-flow\">\n<figure class=\"wp-block-image size-large\"><a href=\"https:\/\/www.reer.de\/reer-mama-Hosenerweiterungs-Set\" target=\"_blank\" rel=\"noreferrer noopener\"><img loading=\"lazy\" decoding=\"async\" width=\"1024\" height=\"1024\" src=\"https:\/\/www.reer.de\/blog\/wp-content\/uploads\/2024\/09\/31051_Hosenerweiterungs-Set_Collage_de_00_1920x1920-1024x1024.jpg\" alt=\"\" class=\"wp-image-3379\" srcset=\"https:\/\/www.reer.de\/blog\/wp-content\/uploads\/2024\/09\/31051_Hosenerweiterungs-Set_Collage_de_00_1920x1920-1024x1024.jpg 1024w, https:\/\/www.reer.de\/blog\/wp-content\/uploads\/2024\/09\/31051_Hosenerweiterungs-Set_Collage_de_00_1920x1920-300x300.jpg 300w, https:\/\/www.reer.de\/blog\/wp-content\/uploads\/2024\/09\/31051_Hosenerweiterungs-Set_Collage_de_00_1920x1920-150x150.jpg 150w, https:\/\/www.reer.de\/blog\/wp-content\/uploads\/2024\/09\/31051_Hosenerweiterungs-Set_Collage_de_00_1920x1920-768x768.jpg 768w, https:\/\/www.reer.de\/blog\/wp-content\/uploads\/2024\/09\/31051_Hosenerweiterungs-Set_Collage_de_00_1920x1920.jpg 1200w\" sizes=\"auto, (max-width: 1024px) 100vw, 1024px\" \/><\/a><\/figure>\n\n\n\n<h2 class=\"wp-block-heading has-medium-font-size\">reer mama<br>Hosenerweiterungs-Set<\/h2>\n\n\n\n<ul class=\"wp-block-list\" id=\"block-299cb535-dee4-4f1e-ad83-49724cd9220b\">\n<li>erm\u00f6glicht l\u00e4ngeres, bequemes Tragen der vorhandenen Kleidung<\/li>\n\n\n\n<li>ideal f\u00fcr die Anfangszeit der Schwangerschaft oder auch bei der R\u00fcckbildung nach der Schwangerschaft<\/li>\n\n\n\n<li>hoher Tragekomfort: elastische, flexible, bequeme Materialien<\/li>\n\n\n\n<li>praktisches 4-teiliges Set l\u00e4sst die Kleidung mitwachsen<\/li>\n\n\n\n<li>in mehreren Stufen l\u00e4ngenverstellbar<\/li>\n<\/ul>\n\n\n\n<div class=\"wp-block-buttons is-layout-flex wp-block-buttons-is-layout-flex\">\n<div class=\"wp-block-button\"><a class=\"wp-block-button__link wp-element-button\" href=\"https:\/\/www.reer.de\/reer-mama-Hosenerweiterungs-Set\" target=\"_blank\" rel=\"noreferrer noopener\">Jetzt kaufen<\/a><\/div>\n<\/div>\n<\/div>\n<\/div>\n\n\n\n<p><br><br><\/p>\n","protected":false},"excerpt":{"rendered":"<p>Herzlichen Gl\u00fcckwunsch, Du bist schwanger! Ein Moment voller Freude, Aufregung und wahrscheinlich auch ein bisschen Unsicherheit. Die&nbsp;Fr\u00fchschwangerschaft&nbsp;ist eine spannende Phase, [&hellip;]<\/p>\n","protected":false},"author":10,"featured_media":3411,"comment_status":"closed","ping_status":"open","sticky":false,"template":"","format":"standard","meta":{"footnotes":""},"categories":[9,8],"tags":[],"class_list":["post-3376","post","type-post","status-publish","format-standard","has-post-thumbnail","hentry","category-babys-erstes-jahr","category-schwangerschaft"],"_links":{"self":[{"href":"https:\/\/www.reer.de\/blog\/wp-json\/wp\/v2\/posts\/3376","targetHints":{"allow":["GET"]}}],"collection":[{"href":"https:\/\/www.reer.de\/blog\/wp-json\/wp\/v2\/posts"}],"about":[{"href":"https:\/\/www.reer.de\/blog\/wp-json\/wp\/v2\/types\/post"}],"author":[{"embeddable":true,"href":"https:\/\/www.reer.de\/blog\/wp-json\/wp\/v2\/users\/10"}],"replies":[{"embeddable":true,"href":"https:\/\/www.reer.de\/blog\/wp-json\/wp\/v2\/comments?post=3376"}],"version-history":[{"count":16,"href":"https:\/\/www.reer.de\/blog\/wp-json\/wp\/v2\/posts\/3376\/revisions"}],"predecessor-version":[{"id":3415,"href":"https:\/\/www.reer.de\/blog\/wp-json\/wp\/v2\/posts\/3376\/revisions\/3415"}],"wp:featuredmedia":[{"embeddable":true,"href":"https:\/\/www.reer.de\/blog\/wp-json\/wp\/v2\/media\/3411"}],"wp:attachment":[{"href":"https:\/\/www.reer.de\/blog\/wp-json\/wp\/v2\/media?parent=3376"}],"wp:term":[{"taxonomy":"category","embeddable":true,"href":"https:\/\/www.reer.de\/blog\/wp-json\/wp\/v2\/categories?post=3376"},{"taxonomy":"post_tag","embeddable":true,"href":"https:\/\/www.reer.de\/blog\/wp-json\/wp\/v2\/tags?post=3376"}],"curies":[{"name":"wp","href":"https:\/\/api.w.org\/{rel}","templated":true}]}}