{"id":3185,"date":"2024-01-22T07:58:27","date_gmt":"2024-01-22T06:58:27","guid":{"rendered":"https:\/\/www.reer.de\/blog\/?p=3185"},"modified":"2024-10-25T08:19:01","modified_gmt":"2024-10-25T06:19:01","slug":"naechtliches-erwachen","status":"publish","type":"post","link":"https:\/\/www.reer.de\/blog\/naechtliches-erwachen","title":{"rendered":"Gr\u00fcnde f\u00fcr n\u00e4chtliches Erwachen &amp; Tipps von Schlafberaterin Jeanette"},"content":{"rendered":"\n<p>Hand aufs Herz: Wir geh\u00f6ren fast alle zu der Sorte Eltern, die dachte, dass Babys und Kleinkinder tief und fest zw\u00f6lf Stunden durchschlafen \u2013 fr\u00fcher oder sp\u00e4ter. Dass es in der ersten Zeit zwar schwierig beginnt, aber dann stetig immer besser wird. Nach den ersten Monaten wei\u00df auch diese Sorte Eltern, dass sie v\u00f6llig falsch lagen.<\/p>\n\n\n\n<p>Es ist ganz normal und Teil einer gesunden kindlichen Entwicklung, dass Babys und Kinder mehrfach in der Nacht wach werden. Wichtig ist immer, ob die Situation von der Familie noch tragbar ist. Solltet ihr als Eltern hier an eure Grenzen kommen, solltet ihr gemeinsam mit einer Fachperson aus der Schlafberatung pr\u00fcfen, ob es M\u00f6glichkeiten zur Ver\u00e4nderung gibt.<\/p>\n\n\n\n<h2 class=\"wp-block-heading\">Gr\u00fcnde f\u00fcr n\u00e4chtliches Erwachen<\/h2>\n\n\n\n<figure class=\"wp-block-image size-large\"><img loading=\"lazy\" decoding=\"async\" width=\"1024\" height=\"683\" src=\"https:\/\/www.reer.de\/blog\/wp-content\/uploads\/2024\/01\/shutterstock_340818158-1024x683.jpg\" alt=\"\" class=\"wp-image-3191\" srcset=\"https:\/\/www.reer.de\/blog\/wp-content\/uploads\/2024\/01\/shutterstock_340818158-1024x683.jpg 1024w, https:\/\/www.reer.de\/blog\/wp-content\/uploads\/2024\/01\/shutterstock_340818158-300x200.jpg 300w, https:\/\/www.reer.de\/blog\/wp-content\/uploads\/2024\/01\/shutterstock_340818158-768x512.jpg 768w, https:\/\/www.reer.de\/blog\/wp-content\/uploads\/2024\/01\/shutterstock_340818158-1536x1024.jpg 1536w, https:\/\/www.reer.de\/blog\/wp-content\/uploads\/2024\/01\/shutterstock_340818158-2048x1365.jpg 2048w\" sizes=\"auto, (max-width: 1024px) 100vw, 1024px\" \/><\/figure>\n\n\n\n<h3 class=\"wp-block-heading\">1. Hunger &amp; Durst<\/h3>\n\n\n\n<p>Leider h\u00e4lt sich der Mythos, dass Babys ab einem gewissen Alter vor dem Schlafen nichts mehr zu trinken oder essen br\u00e4uchten. Unter anderem wird die Beikosteinf\u00fchrung als Grund genannt. Das Kind bek\u00e4me ja bereits feste Nahrung am Tag und m\u00fcsste dadurch weniger Hunger in der Nacht haben. Das ist jedoch Quatsch, da die meisten Lebensmittel eine deutliche niedrigere Kaloriendichte als PRE- oder Muttermilch haben und somit weniger s\u00e4ttigend sind. Der Magen eines Babys bzw. eines Kleinkindes ist winzig klein; der Mageninhalt schnell verdaut. Da der Energiebedarf in den ersten Lebensjahren jedoch meist sehr hoch ist, ist die n\u00e4chtliche Nahrungsaufnahme essentiell f\u00fcr eine gesunde Entwicklung.<\/p>\n\n\n\n<p><strong>Tipp von Jeanette:<\/strong> Bietet eurem Kind gern altersgerecht etwas zu trinken oder essen an. Ja, es kann auch nachts noch mit 3 oder 4 Jahren noch Hunger oder Durst haben. Wir Erwachsenen haben schlie\u00dflich auch oft nachts Durst. Vertraut eurem Kind, dass es schon wissen wird, was es braucht.<\/p>\n\n\n\n<h3 class=\"wp-block-heading\">2. Schlafzeiten &amp; Schlafrhythmus<\/h3>\n\n\n\n<p>Hier die richtige Balance zu erkennen, ist wahrscheinlich die gr\u00f6\u00dfte Herausforderung. Es kann sein, dass das Kind tags\u00fcber zu viel schl\u00e4ft, sodass der Schlafdruck nachts nicht hoch genug ist. Oder aber es schl\u00e4ft tags\u00fcber zu wenig, sodass es \u00fcberm\u00fcdet ist und aufgrund des Stresshormons im K\u00f6rper h\u00e4ufig wach wird.<\/p>\n\n\n\n<p><strong>Tipp von Jeanette:<\/strong> Fertige dir \u00fcber ca. 2 Wochen ein Schlafprotokoll an. So kannst du den Gesamtschlafbedarf deines Kindes erkennen und, optional mithilfe einer Schlafberatung, erkennen, was du am Tagschlaf \u00e4ndern kannst.<\/p>\n\n\n\n<h3 class=\"wp-block-heading\">3. Temperatur<\/h3>\n\n\n\n<p>Laut offiziellen Empfehlungen liegt die <a href=\"https:\/\/www.reer.de\/blog\/optimale-schlafumgebung\" data-type=\"post\" data-id=\"3064\" target=\"_blank\" rel=\"noreferrer noopener\">optimale Schlaftemperatur<\/a> bei 16-18 Grad. (Achtung: Neugeborene brauchen im Schlaf keine M\u00fctzen) Doch diese Temperatur ist gerade in den Sommermonaten h\u00e4ufig nicht zu erreichen.<\/p>\n\n\n\n<p><strong>Tipp von Jeanette:<\/strong> Im Sommer kann es helfen, tags\u00fcber Fenster und Rollos zu schlie\u00dfen, am Abend gut durchzul\u00fcften und f\u00fcr die Nacht nasse Handt\u00fccher aufzuh\u00e4ngen. Es gibt <a href=\"https:\/\/www.reer.de\/BabyCam-XL-Video-Babyphone\" data-type=\"URL\" data-id=\"https:\/\/www.reer.de\/BabyCam-XL-Video-Babyphone\" target=\"_blank\" rel=\"noreferrer noopener\">Babyphone und Babycams mit Temperaturanzeige<\/a>, was sehr n\u00fctzlich sein kann, um die Temperatur im Schlafraum des Kindes im Blick zu behalten.<\/p>\n\n\n\n<h3 class=\"wp-block-heading\">4. Ausscheidungsbed\u00fcrfnis<\/h3>\n\n\n\n<p>Auch ein Ausscheidungsbed\u00fcrfnis kann zu einem h\u00e4ufigen n\u00e4chtlichen Erwachen f\u00fchren. Ist die Windel zu voll oder wom\u00f6glich ausgelaufen, k\u00f6nnte das sehr unangenehm f\u00fcr Kinder sein, was dann zum Aufwachen f\u00fchren kann.<\/p>\n\n\n\n<p><strong>Tipp von Jeanette:<\/strong> \u00c4ltere Kinder k\u00f6nnen vor dem Zubettgehen erinnert werden, auf Toilette zu gehen. Babys und kleineren Kindern kann das n\u00e4chtliche Abhalten angeboten werden. Wenn ihr bereits wisst, dass euer Baby empfindlich auf nasse Windeln reagiert, legt euch alles in Bettn\u00e4he bereit, sodass ihr die Windel nachts ohne viele Handgriffe wechseln k\u00f6nnt.<\/p>\n\n\n\n<h3 class=\"wp-block-heading\">5. Schmerzen, Zahnen und Krankheit<\/h3>\n\n\n\n<p>Auch Schmerzen und Krankheiten k\u00f6nnen zu unruhigen N\u00e4chten f\u00fchren. Zahnungsphasen und Erk\u00e4ltungsphasen sind ohne Frage kr\u00e4ftezehrend \u2013 f\u00fcr das Kind und f\u00fcr die begleitenden Eltern.<\/p>\n\n\n\n<p><strong>Tipp von Jeanette:<\/strong> Lasst euer Kind nicht unn\u00f6tig leiden. Wendet euch an eure Kinder\u00e4rztin oder euren Kinderarzt und besprecht die Situation. Versucht, euch als Eltern mit der Betreuung des kranken Kindes abzuwechseln, sodass ihr beide zwischendurch Kraft tanken k\u00f6nnt.<\/p>\n\n\n\n<h3 class=\"wp-block-heading\">6. Verarbeiten von Tageseindr\u00fccken und Entwicklungsschritten<\/h3>\n\n\n\n<p>Der Zusammenhang zwischen dem tags\u00fcber Erlebtem sowie motorischer und kognitiver Entwicklung und dem Schlafverhalten des Kindes ist den wenigsten Eltern klar. Findet gerade eine besondere Ver\u00e4nderung in der Familie statt, z.B. die Eingew\u00f6hnung im Kindergarten, ein Umzug oder die Ankunft eines Geschwisterchens? Lernt das Kind gerade krabbeln, laufen oder sprechen? Es gibt bestimmte Phasen, in denen Kinder nachts das Erlebte verarbeiten und dann besonders viel N\u00e4he einfordern.<\/p>\n\n\n\n<p><strong>Tipp von Jeanette:<\/strong> Wenn Trennung das Problem ist, ist Trennung nie die L\u00f6sung. Erlebt das Kind am Tage besonders aufregende Situationen, kommt es h\u00e4ufig vor, dass es im Schlaf <a href=\"https:\/\/www.reer.de\/blog\/snoezelen-eine-wunderschoene-moeglichkeit-dein-kind-zu-beruhigen\" data-type=\"post\" data-id=\"1303\" target=\"_blank\" rel=\"noreferrer noopener\">besonders viel N\u00e4he<\/a> und Geborgenheit sucht. Versucht, diese Phase zu verstehen und anzunehmen. Sie geht vorbei. Wenn es f\u00fcr euch zu anstrengend wird, versucht, euch als Eltern abzuwechseln oder den Alltag, sofern es m\u00f6glich ist, ein wenig umzustrukturieren und Ruhe einkehren zu lassen.<\/p>\n\n\n\n<h3 class=\"wp-block-heading\">7. Schlafassoziationen<\/h3>\n\n\n\n<p>Viele Kinder assoziieren ein ganz bestimmtes Verhalten mit dem Ein- und somit auch mit dem Weiterschlafen und ben\u00f6tigen dieses Verhalten auch immer wieder nachts, wenn sie (nat\u00fcrlicherweise) wach werden. Das ist nichts Ungew\u00f6hnliches und hat auch keinen Krankheitswert. Solange es f\u00fcr alle Beteiligten keine Belastung darstellt, dem Kind diese ihm bekannte Einschlaf- und Weiterschlafhilfe zu geben \u2013 go for it. Wenn jedoch sehr aufw\u00e4ndige Weiterschlafhilfen gefordert werden, die sie nachts um den Schlaf bringen, d\u00fcrfen sich Eltern hier auch Hilfe holen.<\/p>\n\n\n\n<p><strong>Tipp von Jeanette: <\/strong>Viele Eltern haben die Bef\u00fcrchtung, dass, sobald eine Einschlafhilfe etabliert worden ist, sie nie wieder davon wegkommen. Wie z.B. das Einschlafstillen. Habt bitte keine Sorge vor der ewigen Gewohnheit. Erlaubt euch, es euch im Moment so leicht wie m\u00f6glich zu machen. Viele Schlafgewohnheiten verschwinden mit zunehmendem Alter von allein. Wenn ihr eine Assoziation loswerden m\u00f6chtet und ihr wisst nicht, wie, kann auch hier eine Schlafberatung helfen.<\/p>\n\n\n\n<p><strong>Herzliche Gr\u00fc\u00dfe<br><br>Deine Jeanette<\/strong><\/p>\n\n\n\n<hr class=\"wp-block-separator has-alpha-channel-opacity\"\/>\n\n\n\n<div class=\"wp-block-media-text alignwide is-stacked-on-mobile\" style=\"grid-template-columns:30% auto\"><figure class=\"wp-block-media-text__media\"><img loading=\"lazy\" decoding=\"async\" width=\"1024\" height=\"1024\" src=\"https:\/\/www.reer.de\/blog\/wp-content\/uploads\/2023\/09\/Bild_Jeanette-1024x1024.jpg\" alt=\"\" class=\"wp-image-3018 size-full\" srcset=\"https:\/\/www.reer.de\/blog\/wp-content\/uploads\/2023\/09\/Bild_Jeanette-1024x1024.jpg 1024w, https:\/\/www.reer.de\/blog\/wp-content\/uploads\/2023\/09\/Bild_Jeanette-300x300.jpg 300w, https:\/\/www.reer.de\/blog\/wp-content\/uploads\/2023\/09\/Bild_Jeanette-150x150.jpg 150w, https:\/\/www.reer.de\/blog\/wp-content\/uploads\/2023\/09\/Bild_Jeanette-768x768.jpg 768w, https:\/\/www.reer.de\/blog\/wp-content\/uploads\/2023\/09\/Bild_Jeanette.jpg 1200w\" sizes=\"auto, (max-width: 1024px) 100vw, 1024px\" \/><\/figure><div class=\"wp-block-media-text__content\">\n<p><strong>Du willst direkt mit unserer reer Expertin Jeanette in Kontakt treten? Dann schau doch auf ihrer Website vorbei:<\/strong><br><a rel=\"noreferrer noopener\" href=\"https:\/\/rheinland-kind.de\/\" data-type=\"URL\" data-id=\"https:\/\/rheinland-kind.de\/\" target=\"_blank\">www.rheinland-kind.de<\/a> <\/p>\n<\/div><\/div>\n\n\n\n<hr class=\"wp-block-separator has-alpha-channel-opacity\"\/>\n\n\n\n<p><strong>Weitere Beitr\u00e4ge von Jeanette findest Du hier:<\/strong><br><a href=\"https:\/\/www.reer.de\/blog\/picky-eater\" data-type=\"post\" data-id=\"3436\" target=\"_blank\" rel=\"noreferrer noopener\">Picky eater &#8211; wie Du Dein Baby f\u00fcr abwechslungsreiche und gesunde Mahlzeiten begeisterst<\/a><br><a href=\"https:\/\/www.reer.de\/blog\/gelungener_beikoststart\" data-type=\"post\" data-id=\"3416\" target=\"_blank\" rel=\"noreferrer noopener\">Das musst Du wissen, wenn Dein Baby mit der Beikost starten soll<\/a><br><a href=\"https:\/\/www.reer.de\/blog\/beikostfaq\" data-type=\"post\" data-id=\"3351\" target=\"_blank\" rel=\"noreferrer noopener\">Probleme, \u00c4ngste und die meistgestellten Fragen zum Beikoststart: Beikostexpertin Jeanette kl\u00e4rt auf!<\/a><br><a href=\"http:\/\/reer.de\/blog\/abstillen\" data-type=\"URL\" data-id=\"reer.de\/blog\/abstillen\" target=\"_blank\" rel=\"noreferrer noopener\"><\/a><a href=\"http:\/\/reer.de\/blog\/abstillen\" data-type=\"URL\" data-id=\"reer.de\/blog\/abstillen\" target=\"_blank\" rel=\"noreferrer noopener\">Was Du \u00fcber das Abstillen wissen solltest<\/a><br><a href=\"https:\/\/www.reer.de\/blog\/3-dos-und-3-donts-in-der-einschlafbegleitung\" target=\"_blank\" rel=\"noreferrer noopener\">3 Do\u2019s und 3 Dont\u2019s in der Einschlafbegleitung<\/a><br><a href=\"https:\/\/www.reer.de\/blog\/optimale-schlafumgebung\" data-type=\"URL\" data-id=\"https:\/\/www.reer.de\/blog\/optimale-schlafumgebung\" target=\"_blank\" rel=\"noreferrer noopener\">Wie gestalte ich die optimale Schlafumgebung f\u00fcr mein Kind?<\/a><br><a href=\"https:\/\/www.reer.de\/blog\/zum-ersten-mal-allein-schlafen\" data-type=\"post\" data-id=\"3153\" target=\"_blank\" rel=\"noreferrer noopener\">Dein Kind soll zum ersten Mal alleine schlafen? Das solltest Du beachten!<\/a><\/p>\n\n\n\n<p><strong>Bei uns gibt es noch weitere, tolle Artikel rund um das Thema Schlafen:<\/strong><br><a rel=\"noreferrer noopener\" href=\"https:\/\/www.reer.de\/blog\/so-schlaeft-dein-baby-sicher-und-ruhig\" target=\"_blank\">So schl\u00e4ft Dein Baby sicher und ruhig<\/a><br><a rel=\"noreferrer noopener\" href=\"https:\/\/www.reer.de\/blog\/6-ideen-fur-ein-einschlafritual-mit-deinem-kind\" target=\"_blank\">6 Ideen f\u00fcr ein Einschlafritual mit Deinem Kind<\/a><br><a href=\"https:\/\/www.reer.de\/blog\/baby-schlafen-legen-leicht-gemacht\" target=\"_blank\" rel=\"noreferrer noopener\">\u200bBaby schlafen legen leicht gemacht<\/a><br><a rel=\"noreferrer noopener\" href=\"https:\/\/www.reer.de\/blog\/so-schlaeft-dein-baby-sicher-und-ruhig\" target=\"_blank\"><\/a><a rel=\"noreferrer noopener\" href=\"https:\/\/www.reer.de\/blog\/snoezelen-eine-wunderschoene-moeglichkeit-dein-kind-zu-beruhigen\" target=\"_blank\">Snoezelen \u2013 eine wundersch\u00f6ne M\u00f6glichkeit Dein Kind zu beruhigen<\/a><br><a rel=\"noreferrer noopener\" href=\"https:\/\/www.reer.de\/blog\/10-schritte-zum-perfekten-babybett\" data-type=\"post\" data-id=\"3172\" target=\"_blank\">10 Schritte zum perfekten Babybett<\/a><\/p>\n\n\n\n<hr class=\"wp-block-separator has-alpha-channel-opacity\"\/>\n\n\n\n<p><strong>In unserem Shop bieten wir Dir eine gro\u00dfe Auswahl an hilfreichen Produkten, die Dein Kind bei einem geruhsamen Schlaf unterst\u00fctzen:<\/strong><\/p>\n\n\n\n<div class=\"wp-block-columns has-cyan-bluish-gray-background-color has-background is-layout-flex wp-container-core-columns-is-layout-9d6595d7 wp-block-columns-is-layout-flex\">\n<div class=\"wp-block-column is-layout-flow wp-block-column-is-layout-flow\">\n<figure class=\"wp-block-image size-full\"><img loading=\"lazy\" decoding=\"async\" width=\"1000\" height=\"1000\" src=\"https:\/\/www.reer.de\/blog\/wp-content\/uploads\/2022\/10\/52431_kokokoala_plueschnachtlicht_mood_02_web.jpg\" alt=\"\" class=\"wp-image-1312\" srcset=\"https:\/\/www.reer.de\/blog\/wp-content\/uploads\/2022\/10\/52431_kokokoala_plueschnachtlicht_mood_02_web.jpg 1000w, https:\/\/www.reer.de\/blog\/wp-content\/uploads\/2022\/10\/52431_kokokoala_plueschnachtlicht_mood_02_web-300x300.jpg 300w, https:\/\/www.reer.de\/blog\/wp-content\/uploads\/2022\/10\/52431_kokokoala_plueschnachtlicht_mood_02_web-150x150.jpg 150w, https:\/\/www.reer.de\/blog\/wp-content\/uploads\/2022\/10\/52431_kokokoala_plueschnachtlicht_mood_02_web-768x768.jpg 768w\" sizes=\"auto, (max-width: 1000px) 100vw, 1000px\" \/><\/figure>\n\n\n\n<h2 class=\"wp-block-heading has-medium-font-size\"><strong>Koko Koala Pl\u00fcschnachtlicht<\/strong><\/h2>\n\n\n\n<ul class=\"wp-block-list\" id=\"block-299cb535-dee4-4f1e-ad83-49724cd9220b\">\n<li>Pl\u00fcschkoala zum Kuscheln und Einschlafen<\/li>\n\n\n\n<li>beruhigende Lichtprojektion mit Sternenhimmel und Farbwechsel<\/li>\n\n\n\n<li>20 vorinstallierte Einschlaflieder und Naturger\u00e4usche<\/li>\n\n\n\n<li>schaltet sich automatisch ein, sobald Dein Kind weint<\/li>\n\n\n\n<li>optionaler Timer (30 Minuten)<\/li>\n<\/ul>\n\n\n\n<div class=\"wp-block-buttons is-layout-flex wp-block-buttons-is-layout-flex\">\n<div class=\"wp-block-button\"><a class=\"wp-block-button__link wp-element-button\" href=\"https:\/\/www.reer.de\/Koko-Koala-Plueschnachtlicht\" target=\"_blank\" rel=\"noreferrer noopener\">Jetzt kaufen<\/a><\/div>\n<\/div>\n<\/div>\n\n\n\n<div class=\"wp-block-column is-layout-flow wp-block-column-is-layout-flow\">\n<figure class=\"wp-block-image size-large\"><img loading=\"lazy\" decoding=\"async\" width=\"1024\" height=\"1024\" src=\"https:\/\/www.reer.de\/blog\/wp-content\/uploads\/2023\/09\/52050_MyMagicStarlight_Einschlaflicht_Mood_02_72dpi-1024x1024.jpg\" alt=\"\" class=\"wp-image-2982\" srcset=\"https:\/\/www.reer.de\/blog\/wp-content\/uploads\/2023\/09\/52050_MyMagicStarlight_Einschlaflicht_Mood_02_72dpi-1024x1024.jpg 1024w, https:\/\/www.reer.de\/blog\/wp-content\/uploads\/2023\/09\/52050_MyMagicStarlight_Einschlaflicht_Mood_02_72dpi-300x300.jpg 300w, https:\/\/www.reer.de\/blog\/wp-content\/uploads\/2023\/09\/52050_MyMagicStarlight_Einschlaflicht_Mood_02_72dpi-150x150.jpg 150w, https:\/\/www.reer.de\/blog\/wp-content\/uploads\/2023\/09\/52050_MyMagicStarlight_Einschlaflicht_Mood_02_72dpi-768x768.jpg 768w, https:\/\/www.reer.de\/blog\/wp-content\/uploads\/2023\/09\/52050_MyMagicStarlight_Einschlaflicht_Mood_02_72dpi.jpg 1200w\" sizes=\"auto, (max-width: 1024px) 100vw, 1024px\" \/><\/figure>\n\n\n\n<h2 class=\"wp-block-heading has-medium-font-size\"><strong>MyMagicStarlight Einschlaflicht<\/strong><\/h2>\n\n\n\n<ul class=\"wp-block-list\" id=\"block-299cb535-dee4-4f1e-ad83-49724cd9220b\">\n<li>beruhigende Lichtprojektion mit Sternenhimmel und Farbwechsel<\/li>\n\n\n\n<li>AUX-Anschluss f\u00fcr MP3-Player, Smartphone und PC erm\u00f6glichen das individuelle Abspielen von Lieblingsliedern und H\u00f6rb\u00fcchern<\/li>\n\n\n\n<li>gespeicherte Sound-Auswahl: 5 Naturger\u00e4usche, 10 Einschlaflieder<\/li>\n\n\n\n<li>3-Stufen Timer: 15min-30min-60min<\/li>\n<\/ul>\n\n\n\n<div class=\"wp-block-buttons is-layout-flex wp-block-buttons-is-layout-flex\">\n<div class=\"wp-block-button\"><a class=\"wp-block-button__link wp-element-button\" href=\"https:\/\/www.reer.de\/MyMagicStarlight-Einschlaflicht\" target=\"_blank\" rel=\"noreferrer noopener\">Jetzt kaufen<\/a><\/div>\n<\/div>\n<\/div>\n\n\n\n<div class=\"wp-block-column is-layout-flow wp-block-column-is-layout-flow\">\n<figure class=\"wp-block-image size-large\"><img loading=\"lazy\" decoding=\"async\" width=\"1024\" height=\"1024\" src=\"https:\/\/www.reer.de\/blog\/wp-content\/uploads\/2023\/09\/52440_nightGuide_nachtlicht-mit-bewegungssensor_mood_01_72dpi-1024x1024.jpg\" alt=\"\" class=\"wp-image-2981\" srcset=\"https:\/\/www.reer.de\/blog\/wp-content\/uploads\/2023\/09\/52440_nightGuide_nachtlicht-mit-bewegungssensor_mood_01_72dpi-1024x1024.jpg 1024w, https:\/\/www.reer.de\/blog\/wp-content\/uploads\/2023\/09\/52440_nightGuide_nachtlicht-mit-bewegungssensor_mood_01_72dpi-300x300.jpg 300w, https:\/\/www.reer.de\/blog\/wp-content\/uploads\/2023\/09\/52440_nightGuide_nachtlicht-mit-bewegungssensor_mood_01_72dpi-150x150.jpg 150w, https:\/\/www.reer.de\/blog\/wp-content\/uploads\/2023\/09\/52440_nightGuide_nachtlicht-mit-bewegungssensor_mood_01_72dpi-768x768.jpg 768w, https:\/\/www.reer.de\/blog\/wp-content\/uploads\/2023\/09\/52440_nightGuide_nachtlicht-mit-bewegungssensor_mood_01_72dpi.jpg 1200w\" sizes=\"auto, (max-width: 1024px) 100vw, 1024px\" \/><\/figure>\n\n\n\n<h2 class=\"wp-block-heading has-medium-font-size\"><strong>NightGuide &#8211; Nachtlicht mit Bewegungssensor<\/strong><\/h2>\n\n\n\n<ul class=\"wp-block-list\" id=\"block-299cb535-dee4-4f1e-ad83-49724cd9220b\">\n<li>Bewegungssensor: schaltet sich bei Bewegung f\u00fcr 30 Sekunden ein<\/li>\n\n\n\n<li>leuchtet nur bei Dunkelheit<\/li>\n\n\n\n<li>energiesparende LED-Technologie ohne W\u00e4rmeentwicklung<\/li>\n\n\n\n<li>Warmlicht (1500K)<\/li>\n<\/ul>\n\n\n\n<div class=\"wp-block-buttons is-layout-flex wp-block-buttons-is-layout-flex\">\n<div class=\"wp-block-button\"><a class=\"wp-block-button__link wp-element-button\" href=\"https:\/\/www.reer.de\/NightGuide-Nachtlicht-mit-Bewegungssensor\" target=\"_blank\" rel=\"noreferrer noopener\">Jetzt kaufen<\/a><\/div>\n<\/div>\n<\/div>\n<\/div>\n\n\n\n<div class=\"wp-block-buttons is-layout-flex wp-block-buttons-is-layout-flex\">\n<div class=\"wp-block-button has-custom-width wp-block-button__width-100\"><a class=\"wp-block-button__link has-white-color has-text-color wp-element-button\"><strong>JETZT WEITERE ARTIKEL F\u00dcR EINEN SICHEREN SCHLAF ENTDECKEN<\/strong><\/a><\/div>\n<\/div>\n","protected":false},"excerpt":{"rendered":"<p>Hand aufs Herz: Wir geh\u00f6ren fast alle zu der Sorte Eltern, die dachte, dass Babys und Kleinkinder tief und fest [&hellip;]<\/p>\n","protected":false},"author":10,"featured_media":3189,"comment_status":"closed","ping_status":"open","sticky":false,"template":"","format":"standard","meta":{"footnotes":""},"categories":[10,9,23,13],"tags":[],"class_list":["post-3185","post","type-post","status-publish","format-standard","has-post-thumbnail","hentry","category-1-3-jahre","category-babys-erstes-jahr","category-reer-experten","category-schlafen"],"_links":{"self":[{"href":"https:\/\/www.reer.de\/blog\/wp-json\/wp\/v2\/posts\/3185","targetHints":{"allow":["GET"]}}],"collection":[{"href":"https:\/\/www.reer.de\/blog\/wp-json\/wp\/v2\/posts"}],"about":[{"href":"https:\/\/www.reer.de\/blog\/wp-json\/wp\/v2\/types\/post"}],"author":[{"embeddable":true,"href":"https:\/\/www.reer.de\/blog\/wp-json\/wp\/v2\/users\/10"}],"replies":[{"embeddable":true,"href":"https:\/\/www.reer.de\/blog\/wp-json\/wp\/v2\/comments?post=3185"}],"version-history":[{"count":9,"href":"https:\/\/www.reer.de\/blog\/wp-json\/wp\/v2\/posts\/3185\/revisions"}],"predecessor-version":[{"id":3450,"href":"https:\/\/www.reer.de\/blog\/wp-json\/wp\/v2\/posts\/3185\/revisions\/3450"}],"wp:featuredmedia":[{"embeddable":true,"href":"https:\/\/www.reer.de\/blog\/wp-json\/wp\/v2\/media\/3189"}],"wp:attachment":[{"href":"https:\/\/www.reer.de\/blog\/wp-json\/wp\/v2\/media?parent=3185"}],"wp:term":[{"taxonomy":"category","embeddable":true,"href":"https:\/\/www.reer.de\/blog\/wp-json\/wp\/v2\/categories?post=3185"},{"taxonomy":"post_tag","embeddable":true,"href":"https:\/\/www.reer.de\/blog\/wp-json\/wp\/v2\/tags?post=3185"}],"curies":[{"name":"wp","href":"https:\/\/api.w.org\/{rel}","templated":true}]}}