{"id":3172,"date":"2024-01-08T07:46:26","date_gmt":"2024-01-08T06:46:26","guid":{"rendered":"https:\/\/www.reer.de\/blog\/?p=3172"},"modified":"2024-01-22T07:59:35","modified_gmt":"2024-01-22T06:59:35","slug":"10-schritte-zum-perfekten-babybett","status":"publish","type":"post","link":"https:\/\/www.reer.de\/blog\/10-schritte-zum-perfekten-babybett","title":{"rendered":"10 Schritte zum perfekten Babybett"},"content":{"rendered":"\n<p>Die Auswahl und Ausstattung des Babybetts kann manchmal wie eine Mammutaufgabe erscheinen. Kein Wunder, soll es doch nicht nur ein M\u00f6belst\u00fcck, sondern ein sicherer Hafen f\u00fcr Dein Baby sein. Wir wollen Dich dabei unterst\u00fctzen und zeigen Dir deshalb die 10 Schritte zum perfekten Babybett.<\/p>\n\n\n\n<h5 class=\"wp-block-heading\">1. Standort und Gr\u00f6\u00dfe des Babybetts<\/h5>\n\n\n\n<p>Die Positionierung des Babybetts ist genauso wichtig wie das Bett selbst. In den ersten Monaten ist es ideal, das Bettchen im Elternschlafzimmer aufzustellen. Das f\u00f6rdert die N\u00e4he und erleichtert das n\u00e4chtliche Stillen und <a href=\"https:\/\/www.reer.de\/blog\/wickeln-in-der-nacht\" data-type=\"post\" data-id=\"269\" target=\"_blank\" rel=\"noreferrer noopener\">Wickeln<\/a>. Achte darauf, dass das Bett gro\u00df genug ist, damit Dein Baby sich frei bewegen und die Schlafposition wechseln kann. Einige Betten sind so konzipiert, dass sie mit Deinem Baby mitwachsen und sp\u00e4ter zu einem Kleinkindbett umgebaut werden k\u00f6nnen. <\/p>\n\n\n\n<h5 class=\"wp-block-heading\">2. Sicherheitsaspekte<\/h5>\n\n\n\n<p>Die Sicherheit Deines Babys hat oberste Priorit\u00e4t, deswegen solltest Du hier keine Kompromisse eingehen. W\u00e4hle ein Bett mit einem h\u00f6henverstellbaren Lattenrost und stelle sicher, dass der Abstand der Gitterst\u00e4be zwischen 4,5 und 6,5 cm betr\u00e4gt. So wird verhindert, dass Dein Baby herausf\u00e4llt oder sich einklemmt.<\/p>\n\n\n\n<h5 class=\"wp-block-heading\">3. Material und Verarbeitung<\/h5>\n\n\n\n<p>Das Babybett sollte aus schadstofffreien Materialien bestehen, keine scharfen Kanten oder \u00fcberstehende Schrauben haben und mit schwei\u00df- und speichelfesten Lacken behandelt sein. Au\u00dferdem sollten gef\u00e4hrlichen L\u00fccken vermieden werden. Achte auf Pr\u00fcfsiegel wie das GS-Zeichen oder die T\u00dcV-Zertifizierung, die der DIN EN 716-Norm entsprechen.<\/p>\n\n\n\n<h5 class=\"wp-block-heading\">4. Matratze und Matratzenschoner<\/h5>\n\n\n\n<p>Eine gute Matratze ist entscheidend f\u00fcr einen sicheren und <a href=\"https:\/\/www.reer.de\/blog\/baby-schlafen-legen-leicht-gemacht\" data-type=\"post\" data-id=\"235\" target=\"_blank\" rel=\"noreferrer noopener\">komfortablen Schlaf<\/a> Deines Babys. Sie sollte fest, atmungsaktiv und frei von Schadstoffen sein. Ein passender Matratzenschoner verbessert zudem die Hygiene im Bettchen, indem er die Matratze vor Verschmutzungen sch\u00fctzt. Gleichzeitig wirkt er unterst\u00fctzend f\u00fcr ein angenehmes Schlafklima. Genauere Informationen zur perfekten Matratze findest Du hier: <a href=\"https:\/\/www.reer.de\/blog\/so-findest-du-das-ideale-babybett\" data-type=\"URL\" data-id=\"https:\/\/www.reer.de\/blog\/so-findest-du-das-ideale-babybett\" target=\"_blank\" rel=\"noreferrer noopener\">So findest Du das ideale Babybett<\/a>.<\/p>\n\n\n\n<h5 class=\"wp-block-heading\">5. Verzicht auf Kopfkissen und Decken<\/h5>\n\n\n\n<p>Kopfkissen und Decken k\u00f6nnen das Risiko eines Atemr\u00fcckstaus erh\u00f6hen, besonders bei S\u00e4uglingen, die sich noch nicht selbst\u00e4ndig umdrehen oder die Position ver\u00e4ndern k\u00f6nnen. Es ist deshalb sicherer, vollst\u00e4ndig auf Kopfkissen und Zudecken zu verzichten. Mache Dich stattdessen auf die Suche nach passenden Alternativen. Eine beliebte Variante stellt hier der Schlafsack dar.<br>Wenn Du dich dennoch f\u00fcr die Bettdecke entscheidest, solltest Du sie mit einem&nbsp;<a href=\"https:\/\/www.reer.de\/Bettdeckenhalter\" target=\"_blank\" rel=\"noreferrer noopener\">Bettdecken-Halter<\/a>&nbsp;an den Gitterst\u00e4ben befestigen, um so eine&nbsp;<a href=\"https:\/\/www.reer.de\/blog\/so-schlaeft-dein-baby-sicher-und-ruhig\" target=\"_blank\" rel=\"noreferrer noopener\">sichere Schlafumgebung<\/a> zu gew\u00e4hrleisten.<\/p>\n\n\n\n<h5 class=\"wp-block-heading\">6. Schlafsack<\/h5>\n\n\n\n<p>Anstelle von Kopfkissen und Zudecken ist ein Babyschlafsack die sicherere Wahl. Achte darauf, dass er aus schadstofffreien Materialien besteht und die richtige Gr\u00f6\u00dfe hat, um das Risiko von \u00dcberhitzung oder Atemr\u00fcckstau zu minimieren. Eine Faustformel f\u00fcr die passende Gr\u00f6\u00dfe ist die K\u00f6rpergr\u00f6\u00dfe des Babys minus Kopfl\u00e4nge plus 10 cm. Schlafs\u00e4cke sind so konzipiert, dass sie Deinem Baby ausreichend Bewegungsfreiheit bieten und trotzdem eine gleichbleibende W\u00e4rme gew\u00e4hrleisten &#8211; anders als die st\u00e4ndig verrutschenden Decken. Du solltest jedoch die W\u00e4rme des Schlafsacks an die Raumtemperatur anpassen,&nbsp;<a href=\"https:\/\/www.reer.de\/blog\/wohlfuehltemperatur\" target=\"_blank\" rel=\"noreferrer noopener\">da Dein Baby seine K\u00f6rpertemperatur nicht so gut regulieren kann<\/a>.<\/p>\n\n\n\n<h5 class=\"wp-block-heading\">7. Optionale Zusatzfunktionen<\/h5>\n\n\n\n<p>\u00dcberlege, ob ein umbaubares Babybett, das mit Deinem Kind mitw\u00e4chst, eine praktische Option f\u00fcr Dich ist. Solche Betten sind langfristig eine gute Investition und bieten Flexibilit\u00e4t, wenn Dein Baby zum Kleinkind heranw\u00e4chst. Auch Rollen mit Feststellbremse k\u00f6nnen ein praktisches Feature sein, um das Bettchen bei Bedarf leicht zu verschieben.<\/p>\n\n\n\n<h5 class=\"wp-block-heading\">8. Vielfalt und Anpassungsf\u00e4higkeit<\/h5>\n\n\n\n<p>Es gibt viele Arten von Babybetten, von Stubenwagen bis hin zu Kombinationsmodellen. W\u00e4hle eines, das <strong>Deinen Bed\u00fcrfnissen <\/strong>entspricht und verzichte auf \u00fcberfl\u00fcssigen Schnickschnack. Immer praktisch ist die M\u00f6glichkeit, die H\u00f6he anzupassen sowie die Funktion, das Babybett ohne gro\u00dfen Aufwand in ein Kleinkindbett umzubauen.<\/p>\n\n\n\n<h5 class=\"wp-block-heading\">9. \u00c4sthetik<\/h5>\n\n\n\n<p>Dieser Faktor mag auf den ersten Blick vernachl\u00e4ssigbar sein, aber bedenke: Es kann gro\u00dfen Spa\u00df machen, das Babyzimmer nach den eigenen W\u00fcnschen einzurichten. Zum Beispiel k\u00f6nntest Du Das Kinderzimmer auch&nbsp;<a href=\"https:\/\/www.reer.de\/blog\/snoezelen-eine-wunderschoene-moeglichkeit-dein-kind-zu-beruhigen\" target=\"_blank\" rel=\"noreferrer noopener\">nach Art eines Raums f\u00fcr das Snoezelens ausstatten<\/a>.<br>Es kann auf jeden Fall nicht schaden, wenn das Babybett ein Hingucker ist und zum allgemeinen Einrichtungsstil passt. Trotzdem sollten die Sicherheit und der Komfort Deines kleinen Lieblings weiterhin an erster Stelle stehen.<\/p>\n\n\n\n<h5 class=\"wp-block-heading\">10. Schlafumgebung<\/h5>\n\n\n\n<p>Auch das beste Babybett hat keinen gro\u00dfen Nutzen, wenn die sonstige Schlafumgebung zu w\u00fcnschen \u00fcbrig l\u00e4sst. Unsere Schlafexpertin Jeanette hat sich deshalb ausf\u00fchrlich mit dem Thema auseinandergesetzt und beantwortet Dir folgende Frage: <a href=\"https:\/\/www.reer.de\/blog\/optimale-schlafumgebung\" data-type=\"post\" data-id=\"3064\" target=\"_blank\" rel=\"noreferrer noopener\">Wie gestalte ich die optimale Schlafumgebung f\u00fcr mein Kind?<\/a><\/p>\n\n\n\n<h4 class=\"wp-block-heading\">Das perfekte Babybett<\/h4>\n\n\n\n<p>Die Wahl des richtigen Babybetts kann eine wundervolle Gelegenheit sein, einen sicheren, gem\u00fctlichen und auch stilvollen Schlafplatz f\u00fcr Dein Baby zu schaffen. Denke daran, Sicherheit und Komfort m\u00fcssen priorisiert werden, k\u00f6nnen aber auch Hand in Hand mit Funktionalit\u00e4t und \u00c4sthetik gehen. H\u00e4ltst Du Dich bei der Auswahl an unsere 10 Schritte, kann eigentlich nichts mehr schiefgehen! <\/p>\n\n\n\n<hr class=\"wp-block-separator has-alpha-channel-opacity\"\/>\n\n\n\n<p>Du bist auf der Suche nach Tipps zur Einschlafbegleitung? Hier wirst Du f\u00fcndig:<\/p>\n\n\n\n<p><a href=\"https:\/\/www.reer.de\/blog\/naechtliches-erwachen\">Gr\u00fcnde f\u00fcr n\u00e4chtliches Erwachen &amp; Tipps von Schlafberaterin Jeanette<\/a><br><a rel=\"noreferrer noopener\" href=\"https:\/\/www.reer.de\/blog\/zum-ersten-mal-allein-schlafen\" target=\"_blank\">Dein Kind soll zum ersten Mal allein schlafen? Das solltest Du beachten.<\/a><br><a rel=\"noreferrer noopener\" href=\"https:\/\/www.reer.de\/blog\/familienbett-oder-eigenes-bettchen\" target=\"_blank\">Familienbett oder eigenes Bettchen? Wo schlafen Babys und Kleinkinder am besten?<\/a><br><a rel=\"noreferrer noopener\" href=\"https:\/\/www.reer.de\/blog\/3-dos-und-3-donts-in-der-einschlafbegleitung\" target=\"_blank\">3 Do\u2019s und 3 Dont\u2019s in der Einschlafbegleitung<\/a><br><a rel=\"noreferrer noopener\" href=\"https:\/\/www.reer.de\/blog\/optimale-schlafumgebung\" target=\"_blank\">Wie gestalte ich die optimale Schlafumgebung f\u00fcr mein Kind<\/a><br><a rel=\"noreferrer noopener\" href=\"https:\/\/www.reer.de\/blog\/snoezelen-eine-wunderschoene-moeglichkeit-dein-kind-zu-beruhigen\" target=\"_blank\">Snoezelen \u2013 eine wundersch\u00f6ne M\u00f6glichkeit Dein Kind zu beruhigen<\/a><br><a rel=\"noreferrer noopener\" href=\"https:\/\/www.reer.de\/blog\/so-schlaeft-dein-baby-sicher-und-ruhig\" target=\"_blank\">So schl\u00e4ft Dein Baby sicher und ruhig<\/a><br><a href=\"https:\/\/www.reer.de\/blog\/6-ideen-fur-ein-einschlafritual-mit-deinem-kind\">6 Ideen f\u00fcr ein Einschlafritual mit Deinem Kind<\/a><\/p>\n\n\n\n<hr class=\"wp-block-separator has-alpha-channel-opacity\"\/>\n\n\n\n<p>In unserem Shop findest Du zahlreiche Produkte, die Deinem kleinen Liebling beim Einschlafen helfen:<\/p>\n\n\n\n<div class=\"wp-block-columns has-cyan-bluish-gray-background-color has-background is-layout-flex wp-container-core-columns-is-layout-9d6595d7 wp-block-columns-is-layout-flex\">\n<div class=\"wp-block-column is-layout-flow wp-block-column-is-layout-flow\">\n<figure class=\"wp-block-image size-full\"><img loading=\"lazy\" decoding=\"async\" width=\"1000\" height=\"1000\" src=\"https:\/\/www.reer.de\/blog\/wp-content\/uploads\/2022\/10\/52431_kokokoala_plueschnachtlicht_mood_02_web.jpg\" alt=\"\" class=\"wp-image-1312\" srcset=\"https:\/\/www.reer.de\/blog\/wp-content\/uploads\/2022\/10\/52431_kokokoala_plueschnachtlicht_mood_02_web.jpg 1000w, https:\/\/www.reer.de\/blog\/wp-content\/uploads\/2022\/10\/52431_kokokoala_plueschnachtlicht_mood_02_web-300x300.jpg 300w, https:\/\/www.reer.de\/blog\/wp-content\/uploads\/2022\/10\/52431_kokokoala_plueschnachtlicht_mood_02_web-150x150.jpg 150w, https:\/\/www.reer.de\/blog\/wp-content\/uploads\/2022\/10\/52431_kokokoala_plueschnachtlicht_mood_02_web-768x768.jpg 768w\" sizes=\"auto, (max-width: 1000px) 100vw, 1000px\" \/><\/figure>\n\n\n\n<h2 class=\"wp-block-heading has-medium-font-size\"><strong>Koko Koala Pl\u00fcschnachtlicht<\/strong><\/h2>\n\n\n\n<ul class=\"wp-block-list\" id=\"block-299cb535-dee4-4f1e-ad83-49724cd9220b\">\n<li>Pl\u00fcschkoala zum Kuscheln und Einschlafen<\/li>\n\n\n\n<li>beruhigende Lichtprojektion mit Sternenhimmel und Farbwechsel<\/li>\n\n\n\n<li>20 vorinstallierte Einschlaflieder und Naturger\u00e4usche<\/li>\n\n\n\n<li>schaltet sich automatisch ein, sobald Dein Kind weint<\/li>\n\n\n\n<li>optionaler Timer (30 Minuten)<\/li>\n<\/ul>\n\n\n\n<div class=\"wp-block-buttons is-layout-flex wp-block-buttons-is-layout-flex\">\n<div class=\"wp-block-button\"><a class=\"wp-block-button__link wp-element-button\" href=\"https:\/\/www.reer.de\/Koko-Koala-Plueschnachtlicht\" target=\"_blank\" rel=\"noreferrer noopener\">Jetzt kaufen<\/a><\/div>\n<\/div>\n<\/div>\n\n\n\n<div class=\"wp-block-column is-layout-flow wp-block-column-is-layout-flow\">\n<figure class=\"wp-block-image size-large\"><img loading=\"lazy\" decoding=\"async\" width=\"1024\" height=\"1024\" src=\"https:\/\/www.reer.de\/blog\/wp-content\/uploads\/2023\/09\/52050_MyMagicStarlight_Einschlaflicht_Mood_02_72dpi-1024x1024.jpg\" alt=\"\" class=\"wp-image-2982\" srcset=\"https:\/\/www.reer.de\/blog\/wp-content\/uploads\/2023\/09\/52050_MyMagicStarlight_Einschlaflicht_Mood_02_72dpi-1024x1024.jpg 1024w, https:\/\/www.reer.de\/blog\/wp-content\/uploads\/2023\/09\/52050_MyMagicStarlight_Einschlaflicht_Mood_02_72dpi-300x300.jpg 300w, https:\/\/www.reer.de\/blog\/wp-content\/uploads\/2023\/09\/52050_MyMagicStarlight_Einschlaflicht_Mood_02_72dpi-150x150.jpg 150w, https:\/\/www.reer.de\/blog\/wp-content\/uploads\/2023\/09\/52050_MyMagicStarlight_Einschlaflicht_Mood_02_72dpi-768x768.jpg 768w, https:\/\/www.reer.de\/blog\/wp-content\/uploads\/2023\/09\/52050_MyMagicStarlight_Einschlaflicht_Mood_02_72dpi.jpg 1200w\" sizes=\"auto, (max-width: 1024px) 100vw, 1024px\" \/><\/figure>\n\n\n\n<h2 class=\"wp-block-heading has-medium-font-size\"><strong>MyMagicStarlight Einschlaflicht<\/strong><\/h2>\n\n\n\n<ul class=\"wp-block-list\" id=\"block-299cb535-dee4-4f1e-ad83-49724cd9220b\">\n<li>beruhigende Lichtprojektion mit Sternenhimmel und Farbwechsel<\/li>\n\n\n\n<li>AUX-Anschluss f\u00fcr MP3-Player, Smartphone und PC erm\u00f6glichen das individuelle Abspielen von Lieblingsliedern und H\u00f6rb\u00fcchern<\/li>\n\n\n\n<li>gespeicherte Sound-Auswahl: 5 Naturger\u00e4usche, 10 Einschlaflieder<\/li>\n\n\n\n<li>3-Stufen Timer: 15min-30min-60min<\/li>\n<\/ul>\n\n\n\n<div class=\"wp-block-buttons is-layout-flex wp-block-buttons-is-layout-flex\">\n<div class=\"wp-block-button\"><a class=\"wp-block-button__link wp-element-button\" href=\"https:\/\/www.reer.de\/MyMagicStarlight-Einschlaflicht\" target=\"_blank\" rel=\"noreferrer noopener\">Jetzt kaufen<\/a><\/div>\n<\/div>\n<\/div>\n\n\n\n<div class=\"wp-block-column is-layout-flow wp-block-column-is-layout-flow\">\n<figure class=\"wp-block-image size-large\"><img loading=\"lazy\" decoding=\"async\" width=\"1024\" height=\"1024\" src=\"https:\/\/www.reer.de\/blog\/wp-content\/uploads\/2023\/09\/52440_nightGuide_nachtlicht-mit-bewegungssensor_mood_01_72dpi-1024x1024.jpg\" alt=\"\" class=\"wp-image-2981\" srcset=\"https:\/\/www.reer.de\/blog\/wp-content\/uploads\/2023\/09\/52440_nightGuide_nachtlicht-mit-bewegungssensor_mood_01_72dpi-1024x1024.jpg 1024w, https:\/\/www.reer.de\/blog\/wp-content\/uploads\/2023\/09\/52440_nightGuide_nachtlicht-mit-bewegungssensor_mood_01_72dpi-300x300.jpg 300w, https:\/\/www.reer.de\/blog\/wp-content\/uploads\/2023\/09\/52440_nightGuide_nachtlicht-mit-bewegungssensor_mood_01_72dpi-150x150.jpg 150w, https:\/\/www.reer.de\/blog\/wp-content\/uploads\/2023\/09\/52440_nightGuide_nachtlicht-mit-bewegungssensor_mood_01_72dpi-768x768.jpg 768w, https:\/\/www.reer.de\/blog\/wp-content\/uploads\/2023\/09\/52440_nightGuide_nachtlicht-mit-bewegungssensor_mood_01_72dpi.jpg 1200w\" sizes=\"auto, (max-width: 1024px) 100vw, 1024px\" \/><\/figure>\n\n\n\n<h2 class=\"wp-block-heading has-medium-font-size\"><strong>NightGuide &#8211; Nachtlicht mit Bewegungssensor<\/strong><\/h2>\n\n\n\n<ul class=\"wp-block-list\" id=\"block-299cb535-dee4-4f1e-ad83-49724cd9220b\">\n<li>Bewegungssensor: schaltet sich bei Bewegung f\u00fcr 30 Sekunden ein<\/li>\n\n\n\n<li>leuchtet nur bei Dunkelheit<\/li>\n\n\n\n<li>energiesparende LED-Technologie ohne W\u00e4rmeentwicklung<\/li>\n\n\n\n<li>Warmlicht (1500K)<\/li>\n<\/ul>\n\n\n\n<div class=\"wp-block-buttons is-layout-flex wp-block-buttons-is-layout-flex\">\n<div class=\"wp-block-button\"><a class=\"wp-block-button__link wp-element-button\" href=\"https:\/\/www.reer.de\/NightGuide-Nachtlicht-mit-Bewegungssensor\" target=\"_blank\" rel=\"noreferrer noopener\">Jetzt kaufen<\/a><\/div>\n<\/div>\n<\/div>\n<\/div>\n","protected":false},"excerpt":{"rendered":"<p>Die Auswahl und Ausstattung des Babybetts kann manchmal wie eine Mammutaufgabe erscheinen. Kein Wunder, soll es doch nicht nur ein [&hellip;]<\/p>\n","protected":false},"author":10,"featured_media":3180,"comment_status":"closed","ping_status":"open","sticky":false,"template":"","format":"standard","meta":{"footnotes":""},"categories":[10,13],"tags":[],"class_list":["post-3172","post","type-post","status-publish","format-standard","has-post-thumbnail","hentry","category-1-3-jahre","category-schlafen"],"_links":{"self":[{"href":"https:\/\/www.reer.de\/blog\/wp-json\/wp\/v2\/posts\/3172","targetHints":{"allow":["GET"]}}],"collection":[{"href":"https:\/\/www.reer.de\/blog\/wp-json\/wp\/v2\/posts"}],"about":[{"href":"https:\/\/www.reer.de\/blog\/wp-json\/wp\/v2\/types\/post"}],"author":[{"embeddable":true,"href":"https:\/\/www.reer.de\/blog\/wp-json\/wp\/v2\/users\/10"}],"replies":[{"embeddable":true,"href":"https:\/\/www.reer.de\/blog\/wp-json\/wp\/v2\/comments?post=3172"}],"version-history":[{"count":7,"href":"https:\/\/www.reer.de\/blog\/wp-json\/wp\/v2\/posts\/3172\/revisions"}],"predecessor-version":[{"id":3195,"href":"https:\/\/www.reer.de\/blog\/wp-json\/wp\/v2\/posts\/3172\/revisions\/3195"}],"wp:featuredmedia":[{"embeddable":true,"href":"https:\/\/www.reer.de\/blog\/wp-json\/wp\/v2\/media\/3180"}],"wp:attachment":[{"href":"https:\/\/www.reer.de\/blog\/wp-json\/wp\/v2\/media?parent=3172"}],"wp:term":[{"taxonomy":"category","embeddable":true,"href":"https:\/\/www.reer.de\/blog\/wp-json\/wp\/v2\/categories?post=3172"},{"taxonomy":"post_tag","embeddable":true,"href":"https:\/\/www.reer.de\/blog\/wp-json\/wp\/v2\/tags?post=3172"}],"curies":[{"name":"wp","href":"https:\/\/api.w.org\/{rel}","templated":true}]}}