{"id":265,"date":"2021-09-14T11:54:28","date_gmt":"2021-09-14T09:54:28","guid":{"rendered":"https:\/\/reer.demoshop6.dev.arboro.de\/blog\/?p=265"},"modified":"2022-12-20T15:49:31","modified_gmt":"2022-12-20T14:49:31","slug":"babys-baden","status":"publish","type":"post","link":"https:\/\/www.reer.de\/blog\/babys-baden","title":{"rendered":"Babys erstes Bad &#8211; ein besonderes Erlebnis"},"content":{"rendered":"\n<h2 class=\"wp-block-heading\">Ab wann sollte ein Baby baden?<\/h2>\n\n\n\n<p>Der richtige Zeitpunkt f\u00fcr Babys erstes Bad ist ca. 6 bis 8 Wochen nach der Geburt. Wenn die Nabelschnur abgefallen und gut verheilt ist, kann der Badespa\u00df beginnen. Bis dahin reicht es vollkommen, Dein Baby liebevoll mit einem feuchten Waschlappen zu s\u00e4ubern.<\/p>\n\n\n\n<h2 class=\"wp-block-heading\">Wie oft sollte ein Baby baden?<\/h2>\n\n\n\n<p>In den ersten Monaten reicht es durchaus, Dein Baby 1 bis 2 Mal w\u00f6chentlich zu baden. Das Bad sollte in der Regel 5 bis 10 Minuten dauern. Babys Haut ist empfindlich und insbesondere in Gegenden mit hartem Leitungswasser kann es dazu f\u00fchren, dass die zarte Haut austrocknet. Achte in dem Fall auf eine gute Creme. Dar\u00fcber hinaus kannst Du Dein Baby t\u00e4glich mit einem Waschlappen s\u00e4ubern und den Windelbereich nach dem Stuhlgang waschen.<\/p>\n\n\n\n<p>Wenn Dein Baby \u00e4lter wird, kannst Du es auch h\u00e4ufiger baden, je nach Zeit, die Du im Alltag hast &#8211; und der Lust Deines kleinen Liebling aufs Baden &#8211; denn manche Babys m\u00f6gen tats\u00e4chlich nicht gebadet werden. Aber wenn Dein Kind Baden total toll findet, kannst Du Dich an die Faustregel halten &#8222;pro Lebensmonat 5 Minuten l\u00e4nger&#8220;.<\/p>\n\n\n\n<h2 class=\"wp-block-heading\">Der beste Zeitpunkt f\u00fcr Babys Bad?<\/h2>\n\n\n\n<p>Ob Du Dein Baby morgens, nachmittags oder lieber abends badest, kannst Du individuell entscheiden. Wichtig ist, dass Dein Baby weder zu hungrig noch zu satt ist. Lerne die Signale Deines Kindes deuten und bade es, wenn es guter Stimmung ist.<\/p>\n\n\n\n<p>Viele Kinder plantschen gerne im Wasser und das warme Wasser hat einen wohltuenden Effekt auf sie. Danach sind sie ruhig und entspannt. Daher integrieren viele Eltern das Baden ins&nbsp;<a href=\"\/blog\/6-ideen-fur-ein-einschlafritual-mit-deinem-kind\">Abendritual<\/a>.<\/p>\n\n\n\n<figure class=\"wp-block-image size-full\"><img loading=\"lazy\" decoding=\"async\" width=\"800\" height=\"800\" src=\"https:\/\/www.reer.de\/blog\/wp-content\/uploads\/2022\/12\/Bild-1-21.jpg\" alt=\"MyHappyPingu 2in1 digitales Badethermometer\n\" class=\"wp-image-2053\" srcset=\"https:\/\/www.reer.de\/blog\/wp-content\/uploads\/2022\/12\/Bild-1-21.jpg 800w, https:\/\/www.reer.de\/blog\/wp-content\/uploads\/2022\/12\/Bild-1-21-300x300.jpg 300w, https:\/\/www.reer.de\/blog\/wp-content\/uploads\/2022\/12\/Bild-1-21-150x150.jpg 150w, https:\/\/www.reer.de\/blog\/wp-content\/uploads\/2022\/12\/Bild-1-21-768x768.jpg 768w\" sizes=\"auto, (max-width: 800px) 100vw, 800px\" \/><\/figure>\n\n\n\n<h2 class=\"wp-block-heading\">Ist Badezusatz notwendig?<\/h2>\n\n\n\n<p>Badezusatz ist in den ersten Monaten unn\u00f6tig. Babys machen sich in der Regel nicht schmutzig. Jedoch kann es sein, dass der Windelbereich schwer mit klarem Wasser zu s\u00e4ubern ist oder dass Dein Baby viel spuckt. In diesem Fall kann mildes Babyshampoo bedenkenlos verwendet werden. Du kannst Dein Baby nach Bedarf mit oder ohne Badezusatz baden. Falls Du stillst, kannst Du Muttermilch mit ein paar Tropfen Oliven\u00f6l ins Baden hinzugeben. Muttermilch versorgt die Babyhaut mit wichtigen Vitaminen und N\u00e4hrstoffen. Das Wundermittel hilft \u00fcbrigens auch beim wunden Po, da Muttermilch Keime abt\u00f6tet und die Wundheilung beschleunigt.<\/p>\n\n\n\n<h2 class=\"wp-block-heading\">Badeeimer, Wanne oder Waschbecken?<\/h2>\n\n\n\n<p>Ob Du Dein Baby in einem Babyeimer, Waschbecken oder in einer Babybadewanne badest, bleibt Dir \u00fcberlassen. Du kannst ausw\u00e4hlen und ausprobieren, was f\u00fcr Euch am bequemsten ist.<\/p>\n\n\n\n<p>Der Babybadeeimer ist in den ersten 2 bis 3 Monaten praktisch. Das Baby genie\u00dft die embryonale Haltung im Eimer und Du musst es nicht so vorsichtig festhalten. Jedoch w\u00e4chst das Kind schnell aus dem Eimer raus. Falls Du Dich f\u00fcr den Badeeimer entscheidest, solltest Du keinen herk\u00f6mmlichen Haushaltseimer verwenden. Sie sind nicht stabil genug.<\/p>\n\n\n\n<p>Babys k\u00f6nnen auch im Waschbecken baden. Wegen seiner H\u00f6he ist diese Badem\u00f6glichkeit f\u00fcr Eltern besonders bequem. Hier ist zu beachten, dass das Baby nicht versehentlich den Wasserspender bet\u00e4tigen und sich verbr\u00fchen kann.<\/p>\n\n\n\n<p>Die gro\u00dfe Badewanne ist f\u00fcr die ersten Monate nicht geeignet. Verwende lieber eine Babybadewanne. In der kannst Du Dein Kind besser halten und sie kann auch bei Kleinkindern benutzt werden. Eine Babybadewanne ist sicherlich die nachhaltigste L\u00f6sung. Die gro\u00dfe Badewanne eignet sich nur, wenn Du mit Deinem Baby zusammen baden m\u00f6chtest. Die gro\u00dfe Badewanne eignet sich nur, wenn Du mit Deinem Baby zusammen baden m\u00f6chtest. Aber wenn Dein Kind \u00e4lter ist, kann es nat\u00fcrlich in der gro\u00dfen Badewanne baden, dann aber mit einem&nbsp;<a href=\"\/MyHappyBath-Mat-Badewannenmatte-XL\">Rutsch-Schutz<\/a>.<\/p>\n\n\n\n<figure class=\"wp-block-image size-full\"><img loading=\"lazy\" decoding=\"async\" width=\"800\" height=\"800\" src=\"https:\/\/www.reer.de\/blog\/wp-content\/uploads\/2022\/12\/Bild-2-19.jpg\" alt=\"MyHappyBath Mat - Baby-Badewannenmatte\n\" class=\"wp-image-2054\" srcset=\"https:\/\/www.reer.de\/blog\/wp-content\/uploads\/2022\/12\/Bild-2-19.jpg 800w, https:\/\/www.reer.de\/blog\/wp-content\/uploads\/2022\/12\/Bild-2-19-300x300.jpg 300w, https:\/\/www.reer.de\/blog\/wp-content\/uploads\/2022\/12\/Bild-2-19-150x150.jpg 150w, https:\/\/www.reer.de\/blog\/wp-content\/uploads\/2022\/12\/Bild-2-19-768x768.jpg 768w\" sizes=\"auto, (max-width: 800px) 100vw, 800px\" \/><\/figure>\n\n\n\n<h2 class=\"wp-block-heading\">Mit Baby zusammen baden<\/h2>\n\n\n\n<p>Etwa ab der 8. Woche ist das Baby gro\u00df genug, um mit den Eltern zusammen zu baden. Dies ist ein besonderes Abenteuer f\u00fcr die ganze Familie. Zudem macht es Spa\u00df und f\u00f6rdert die Bindung zwischen Kindern und Eltern. Wichtig ist es, nicht zu viel Wasser einzulassen. Es reicht, die Wanne mit ca. 10 cm zu bef\u00fcllen. Vorsicht beim Ein- und Aussteigen. Lass Dir unbedingt von Deinem Partner oder Deiner Partnerin helfen. Das ist auch eine ideale Gelegenheit, Familienzeit mit dem Baby zu verbringen.<\/p>\n\n\n\n<h2 class=\"wp-block-heading\">Wichtige Sicherheitsaspekte<\/h2>\n\n\n\n<p>Egal f\u00fcr welche Uhrzeit und Badem\u00f6glichkeit Du Dich entscheidest, wichtig ist es, Sicherheitsaspekte, nie zu vernachl\u00e4ssigen. Das Baby sollte niemals alleine im Wasser gelassen werden, auch nicht f\u00fcr ein paar Sekunden. Wenn es nicht zu vermeiden ist und etwas Wichtiges dazwischen kommt, wickel Dein Baby sicherheitshalber in ein warmes Handtuch und nimm es mit.<\/p>\n\n\n\n<p>Die Temperatur des Wassers sollte 37-38 C betragen. Ist das Badewasser zu kalt, k\u00fchlt Dein Baby aus und eine Erk\u00e4ltung droht (<a href=\"\/blog\/erkaeltung-vorbeugen-bei-babys-und-kleinkindern\">Erfahre hier, wie Du Erk\u00e4ltungen vorbeugen kannst<\/a>). Ist das Badewasser zu warm, drohen ganz schnell Verbr\u00fchungen. Benutze ein Badethermometer, um sicher zu sein, dass das Badewasser weder zu kalt noch zu hei\u00df ist. Falls Du kein Thermometer zur Hand hast, kannst Du einen Temperatur-Check mit dem Ellenbogen machen. Lege Dein Kind nicht ins Wasser, w\u00e4hrend es einl\u00e4uft und bis Du sicher bist, dass die Temperatur auch stimmt.<\/p>\n\n\n\n<p>Da Babys leicht ausk\u00fchlen, sollten T\u00fcren und Fenster w\u00e4hrend des Badens geschlossen werden, um Zugluft zu vermeiden.<\/p>\n\n\n\n<h2 class=\"wp-block-heading\">Sei gut vorbereitet<\/h2>\n\n\n\n<p>Sicherheit spielt beim Baden eine gro\u00dfe Rolle. Damit auch nichts dazwischen kommt oder vergessen wird, ist eine gute Vorbereitung notwendig. Stelle alle wichtigen Utensilien vor dem Baden bereit und sorge f\u00fcr warme Temperaturen im Bad, sodass Du Dich voll und ganz konzentrieren kannst und Dein Baby schnell eingekuschelt werden kann.<\/p>\n\n\n\n<div class=\"wp-block-columns has-cyan-bluish-gray-background-color has-background is-layout-flex wp-container-core-columns-is-layout-9d6595d7 wp-block-columns-is-layout-flex\">\n<div class=\"wp-block-column is-layout-flow wp-block-column-is-layout-flow\">\n<figure class=\"wp-block-image size-full\"><a href=\"https:\/\/www.reer.de\/3in1-FeelWell-Air-Heizluefter?utm_source=blog&amp;utm_medium=post&amp;utm_campaign=feelwell-air\"><img loading=\"lazy\" decoding=\"async\" width=\"1000\" height=\"1000\" src=\"https:\/\/www.reer.de\/blog\/wp-content\/uploads\/2021\/11\/Collagen_final.jpg\" alt=\"Ein Baby-Heizl\u00fcfter von reer\" class=\"wp-image-1041\" srcset=\"https:\/\/www.reer.de\/blog\/wp-content\/uploads\/2021\/11\/Collagen_final.jpg 1000w, https:\/\/www.reer.de\/blog\/wp-content\/uploads\/2021\/11\/Collagen_final-300x300.jpg 300w, https:\/\/www.reer.de\/blog\/wp-content\/uploads\/2021\/11\/Collagen_final-150x150.jpg 150w, https:\/\/www.reer.de\/blog\/wp-content\/uploads\/2021\/11\/Collagen_final-768x768.jpg 768w\" sizes=\"auto, (max-width: 1000px) 100vw, 1000px\" \/><\/a><\/figure>\n<\/div>\n\n\n\n<div class=\"wp-block-column is-layout-flow wp-block-column-is-layout-flow\">\n<h2 class=\"wp-block-heading\">Liefert kuschelige Sofortw\u00e4rme<\/h2>\n\n\n\n<h3 class=\"wp-block-heading\">Von Hebammen empfohlen <a rel=\"noreferrer noopener\" href=\"https:\/\/www.reer.de\/hebamme\" data-type=\"URL\" data-id=\"https:\/\/www.reer.de\/hebamme\" target=\"_blank\">(reer.de\/hebamme)<\/a><\/h3>\n\n\n\n<p>Der FeelWell Air schafft innerhalb k\u00fcrzester Zeit ein Gef\u00fchl von kuscheliger Behaglichkeit. Seine Keramik-Heizelemente w\u00e4rmen die Umgebungsluft sofort an. Jede Umgebung wird so zur Wohlf\u00fchl-Umgebung f\u00fcr Deinen kleinen Liebling.<\/p>\n\n\n\n<ul class=\"wp-block-list\">\n<li>angenehme W\u00e4rme beim Freistrampeln, vor oder nach dem Baden, in der Spielecke<\/li>\n\n\n\n<li>Hochwertiges Keramik-Heizelement<\/li>\n\n\n\n<li>gepr\u00fcft kindersicher: Kipp-Abschaltung, \u00dcberhitzungsschutz<\/li>\n<\/ul>\n\n\n\n<div class=\"wp-block-buttons is-layout-flex wp-block-buttons-is-layout-flex\">\n<div class=\"wp-block-button\"><a class=\"wp-block-button__link wp-element-button\" href=\"https:\/\/www.reer.de\/3in1-FeelWell-Air-Heizluefter?utm_source=blog&amp;utm_medium=post&amp;utm_campaign=feelwell-air\">Jetzt kaufen<\/a><\/div>\n<\/div>\n<\/div>\n<\/div>\n\n\n\n<p>F\u00fcrs Baden brauchst Du folgendes:<\/p>\n\n\n\n<ul class=\"wp-block-list\"><li>ein sauberes Handtuch<\/li><li>einen weichen Waschlappen<\/li><li><a href=\"\/Produkte\/Gesundheit-und-Pflege\/Badethermometer\/\">Badethermometer<\/a><\/li><li>nach Bedarf mildes Babyshampoo<\/li><li><a href=\"\/Produkte\/Gesundheit-und-Pflege\/Badezubehoer\/\">Badespielzeug f\u00fcr \u00e4ltere Babys und Kleinkinder<\/a><\/li><\/ul>\n\n\n\n<p>Spielzeuge bereiten Kindern viel Freude und verbinden das Baden mit Vergn\u00fcgen. Neben klassischem Badespielzeug wie Badeentchen, Wasserb\u00e4llen und Spritztieren sind auch Beh\u00e4lter mit L\u00f6chern sehr beliebt.&nbsp;<a href=\"\/Badespielzeug-Netz\">Denk aber daran, dass Du nach dem Baden das Badespielzeug wieder sicher verstaust, sodass es gut trocknen kann<\/a>.<\/p>\n\n\n\n<p>Stelle auch saubere Kleidung und eine frische Windel vor dem Bad bereit, denn Babys k\u00fchlen ganz schnell aus,&nbsp;<a href=\"\/blog\/wohlfuehltemperatur\">insbesondere nach dem Baden kommt es rasch zu einem Temperatursturz<\/a>. F\u00fcr ein besonderes Wohlf\u00fchlgef\u00fchl kannst Du ein Handtuch auf der Heizung vorw\u00e4rmen. Dein kleiner Liebling wird sich freuen. Am besten ist es, wenn Du&nbsp;<a href=\"https:\/\/www.reer.de\/Produkte\/Wickeltisch-Waermestrahler\/\" data-type=\"URL\" data-id=\"https:\/\/www.reer.de\/Produkte\/Wickeltisch-Waermestrahler\/\">Wickeltischw\u00e4rmestrahler<\/a>&nbsp;und Wickelkommode gleich im Bad hast (<a href=\"https:\/\/www.reer.de\/blog\/warum-du-keinen-terrassen-heizstrahler-aus-dem-baumarkt-fur-dein-baby-benutzen-sollst\" data-type=\"URL\" data-id=\"https:\/\/www.reer.de\/blog\/warum-du-keinen-terrassen-heizstrahler-aus-dem-baumarkt-fur-dein-baby-benutzen-sollst\">aber bitte keinen Terrassenstrahler nutzen!<\/a>). Aber auch mit einem <a href=\"https:\/\/www.reer.de\/blog\/heizstrahler-oder-heizluefter-am-wickeltisch\" data-type=\"post\" data-id=\"1082\">kleinen Heizl\u00fcfter speziell f\u00fcr Baby-Bed\u00fcrfnisse<\/a> kannst Du die Temperatur im Badezimmer erh\u00f6hen.<\/p>\n\n\n\n<figure class=\"wp-block-image size-full\"><img loading=\"lazy\" decoding=\"async\" width=\"800\" height=\"800\" src=\"https:\/\/www.reer.de\/blog\/wp-content\/uploads\/2022\/12\/Bild-3-12.jpg\" alt=\"Badethermometer oval - beerenrot\n\" class=\"wp-image-2055\" srcset=\"https:\/\/www.reer.de\/blog\/wp-content\/uploads\/2022\/12\/Bild-3-12.jpg 800w, https:\/\/www.reer.de\/blog\/wp-content\/uploads\/2022\/12\/Bild-3-12-300x300.jpg 300w, https:\/\/www.reer.de\/blog\/wp-content\/uploads\/2022\/12\/Bild-3-12-150x150.jpg 150w, https:\/\/www.reer.de\/blog\/wp-content\/uploads\/2022\/12\/Bild-3-12-768x768.jpg 768w\" sizes=\"auto, (max-width: 800px) 100vw, 800px\" \/><\/figure>\n\n\n\n<h2 class=\"wp-block-heading\">Ab in die Wanne<\/h2>\n\n\n\n<p>Wenn alles bereitsteht, geht&#8217;s ab in die Wanne. Viele Babys sind wahre Wasserratten und empfinden das Baden als sehr angenehm, weil sie an die Umgebung im Mutterleib erinnert werden. Bei der ersten Ber\u00fchrung mit Wasser sind Neugeborene jedoch ernst und hoch konzentriert darauf, was um sie passiert. Gleite deswegen Dein Baby langsam ins Wasser, zuerst mit den kleinen F\u00fc\u00dfen. So kann es sich peu a peu ans Wasser gew\u00f6hnen. Halte den rechten Arm unter Babys Kopf, sodass Du die rechte Schulter Deines Babys umfasst. Mit der linken Hand kannst Du es baden und den K\u00f6rperkontakt zu Deinem Kind genie\u00dfen. Gie\u00dfe immer wieder warmes Wasser \u00fcber Bauch und Arme. Das Haar sollte zuletzt gewaschen werden, um eine Ausk\u00fchlung zu vermeiden.<\/p>\n\n\n\n<p>Beim Waschen sollten alle Hautfalten behandelt werden. Hinter den Ohren, am Hals sowie in den Arm- und Leistenbeugen sammelt sich der meiste Schmutz an. Genauso sind diese Stellen beim Trocknen sorgf\u00e4ltig zu behandeln, um wunden Stellen vorzubeugen.<\/p>\n\n\n\n<div class=\"wp-block-columns has-cyan-bluish-gray-background-color has-background is-layout-flex wp-container-core-columns-is-layout-9d6595d7 wp-block-columns-is-layout-flex\">\n<div class=\"wp-block-column is-layout-flow wp-block-column-is-layout-flow\">\n<figure class=\"wp-block-image size-large\"><a href=\"https:\/\/www.reer.de\/BabyCare-Waschpad?utm_source=blog&amp;utm_medium=post&amp;utm_campaign=erstes-Bad\" target=\"_blank\" rel=\"noreferrer noopener\"><img decoding=\"async\" src=\"https:\/\/www.reer.de\/thumbnail\/20\/e1\/a0\/1669887820\/81091_waschpad_00_startbild_1920x1920.jpg\" alt=\"Ein Wickeltisch-W\u00e4rmestrahler von reer\"\/><\/a><\/figure>\n\n\n\n<h2 class=\"wp-block-heading\">BabyCare &#8211; Waschpad<\/h2>\n\n\n\n<ul class=\"wp-block-list\" id=\"block-299cb535-dee4-4f1e-ad83-49724cd9220b\"><li>weicher Frotteestoff f\u00fcr ein besonders angenehmes Hautgef\u00fchl&nbsp;<\/li><li>spielerisches Wascherlebnis durch Esel-Design&nbsp;<\/li><li>Ohren des Waschpads (mit Finger\u00f6ffnung) erm\u00f6glichen eine Reinigung zwischen den Hautfalten<\/li><\/ul>\n\n\n\n<div class=\"wp-block-buttons is-layout-flex wp-block-buttons-is-layout-flex\">\n<div class=\"wp-block-button\"><a class=\"wp-block-button__link\" href=\"https:\/\/www.reer.de\/BabyCare-Waschpad?utm_source=blog&amp;utm_medium=post&amp;utm_campaign=erstes-Bad\" target=\"_blank\" rel=\"noreferrer noopener\">Jetzt kaufen<\/a><\/div>\n<\/div>\n<\/div>\n\n\n\n<div class=\"wp-block-column is-layout-flow wp-block-column-is-layout-flow\">\n<figure class=\"wp-block-image size-large\"><a href=\"https:\/\/www.reer.de\/BabyCare-Badebuerste?utm_source=blog&amp;utm_medium=post&amp;utm_campaign=erstes-Bad\" target=\"_blank\" rel=\"noreferrer noopener\"><img decoding=\"async\" src=\"https:\/\/www.reer.de\/thumbnail\/ca\/ec\/4c\/1665122032\/81083_badeb%C3%BCrste_00_startbild_1920x1920.jpg\" alt=\"Ein Wickeltisch-W\u00e4rmestrahler von reer\"\/><\/a><\/figure>\n\n\n\n<h2 class=\"wp-block-heading\">BabyCare Badeb\u00fcrste<\/h2>\n\n\n\n<ul class=\"wp-block-list\" id=\"block-299cb535-dee4-4f1e-ad83-49724cd9220b\"><li>extra weiche Borsten f\u00fcr die schonende Reinigung der empfindlichen Babyhaut<\/li><li>zur sanften Massage geeignet<\/li><li>einfache, hygienische Reinigung<\/li><\/ul>\n\n\n\n<div class=\"wp-block-buttons is-layout-flex wp-block-buttons-is-layout-flex\">\n<div class=\"wp-block-button\"><a class=\"wp-block-button__link\" href=\"https:\/\/www.reer.de\/BabyCare-Badebuerste?utm_source=blog&amp;utm_medium=post&amp;utm_campaign=erstes-Bad\" target=\"_blank\" rel=\"noreferrer noopener\">Jetzt kaufen<\/a><\/div>\n<\/div>\n<\/div>\n\n\n\n<div class=\"wp-block-column is-layout-flow wp-block-column-is-layout-flow\">\n<figure class=\"wp-block-image size-large\"><a href=\"https:\/\/www.reer.de\/Badethermometer-Schildkroete?utm_source=blog&amp;utm_medium=post&amp;utm_campaign=erstes-Bad\" target=\"_blank\" rel=\"noreferrer noopener\"><img decoding=\"async\" src=\"https:\/\/www.reer.de\/thumbnail\/e6\/89\/af\/1637929028\/1_%281%29_1920x1920.jpg\" alt=\"Ein Wickeltisch-W\u00e4rmestrahler von reer\"\/><\/a><\/figure>\n\n\n\n<h2 class=\"wp-block-heading\">Badethermometer Schildkr\u00f6te<\/h2>\n\n\n\n<ul class=\"wp-block-list\" id=\"block-299cb535-dee4-4f1e-ad83-49724cd9220b\"><li>f\u00fcr ein sicheres Badevergn\u00fcgen<\/li><li>\u00fcbersichtliche Skala<\/li><li>quecksilberfrei, BPA-frei<\/li><\/ul>\n\n\n\n<div class=\"wp-block-buttons is-layout-flex wp-block-buttons-is-layout-flex\">\n<div class=\"wp-block-button\"><a class=\"wp-block-button__link\" href=\"https:\/\/www.reer.de\/Badethermometer-Schildkroete?utm_source=blog&amp;utm_medium=post&amp;utm_campaign=erstes-Bad\" target=\"_blank\" rel=\"noreferrer noopener\">Jetzt kaufen<\/a><\/div>\n<\/div>\n<\/div>\n<\/div>\n","protected":false},"excerpt":{"rendered":"<p>Ab wann sollte ein Baby baden? Der richtige Zeitpunkt f\u00fcr Babys erstes Bad ist ca. 6 bis 8 Wochen nach [&hellip;]<\/p>\n","protected":false},"author":1,"featured_media":1217,"comment_status":"closed","ping_status":"closed","sticky":false,"template":"","format":"standard","meta":{"footnotes":""},"categories":[12],"tags":[],"class_list":["post-265","post","type-post","status-publish","format-standard","has-post-thumbnail","hentry","category-pflege-und-gesundheit"],"_links":{"self":[{"href":"https:\/\/www.reer.de\/blog\/wp-json\/wp\/v2\/posts\/265","targetHints":{"allow":["GET"]}}],"collection":[{"href":"https:\/\/www.reer.de\/blog\/wp-json\/wp\/v2\/posts"}],"about":[{"href":"https:\/\/www.reer.de\/blog\/wp-json\/wp\/v2\/types\/post"}],"author":[{"embeddable":true,"href":"https:\/\/www.reer.de\/blog\/wp-json\/wp\/v2\/users\/1"}],"replies":[{"embeddable":true,"href":"https:\/\/www.reer.de\/blog\/wp-json\/wp\/v2\/comments?post=265"}],"version-history":[{"count":13,"href":"https:\/\/www.reer.de\/blog\/wp-json\/wp\/v2\/posts\/265\/revisions"}],"predecessor-version":[{"id":2056,"href":"https:\/\/www.reer.de\/blog\/wp-json\/wp\/v2\/posts\/265\/revisions\/2056"}],"wp:featuredmedia":[{"embeddable":true,"href":"https:\/\/www.reer.de\/blog\/wp-json\/wp\/v2\/media\/1217"}],"wp:attachment":[{"href":"https:\/\/www.reer.de\/blog\/wp-json\/wp\/v2\/media?parent=265"}],"wp:term":[{"taxonomy":"category","embeddable":true,"href":"https:\/\/www.reer.de\/blog\/wp-json\/wp\/v2\/categories?post=265"},{"taxonomy":"post_tag","embeddable":true,"href":"https:\/\/www.reer.de\/blog\/wp-json\/wp\/v2\/tags?post=265"}],"curies":[{"name":"wp","href":"https:\/\/api.w.org\/{rel}","templated":true}]}}