{"id":2620,"date":"2023-03-15T11:35:28","date_gmt":"2023-03-15T10:35:28","guid":{"rendered":"https:\/\/www.reer.de\/blog\/?p=2620"},"modified":"2023-04-25T16:38:07","modified_gmt":"2023-04-25T14:38:07","slug":"mein-kind-hat-sich-an-einer-tischkante-den-kopf-gestossen-und-eine-platzwunde-zugezogen-was-soll-ich-tun","status":"publish","type":"post","link":"https:\/\/www.reer.de\/blog\/mein-kind-hat-sich-an-einer-tischkante-den-kopf-gestossen-und-eine-platzwunde-zugezogen-was-soll-ich-tun","title":{"rendered":"Mein Kind hat sich an einer Tischkante den Kopf gesto\u00dfen und eine Platzwunde zugezogen. Was soll ich tun?"},"content":{"rendered":"\n<p>Kinder sind aktiv und neugierig und es ist nicht ungew\u00f6hnlich, dass sie sich im Laufe ihrer Entwicklung verletzen. H\u00e4ufig kommen blutende Platzwunden am Kopf und Kinn vor. Diese entstehen bei <a href=\"https:\/\/www.reer.de\/blog\/fenstersturz-verhindern\" data-type=\"URL\" data-id=\"https:\/\/www.reer.de\/blog\/fenstersturz-verhindern\" target=\"_blank\" rel=\"noreferrer noopener\">St\u00fcrzen<\/a> wie zum Beispiel vom <a rel=\"noreferrer noopener\" href=\"https:\/\/www.reer.de\/blog\/wickeltisch-stuerze\" data-type=\"URL\" data-id=\"https:\/\/www.reer.de\/blog\/wickeltisch-stuerze\" target=\"_blank\">Wickeltisch<\/a> oder durch Anprall. Durch die starke Prellung rei\u00dft das Gewebe auf und die Wundr\u00e4nder wirken unregelm\u00e4\u00dfig und ausgefranst.<\/p>\n\n\n\n<p>In einer solchen Situation ist es trotz der Blutung wichtig, Ruhe zu bewahren und das Kind zu tr\u00f6sten. Als erstes solltet ihr mit einem sauberen Tuch oder einer sterilen Kompressen leichten Druck auf die Wunde ausge\u00fcben, um die Blutung zu stillen. Wenn die Blutung nachgelassen hat, k\u00f6nnt ihr erstmal die Gr\u00f6\u00dfe beurteilen, denn gr\u00f6\u00dfere Wunden m\u00fcssen oft <a href=\"https:\/\/www.reer.de\/blog\/nachgefragt-bei-thomas-ebinger\" data-type=\"URL\" data-id=\"https:\/\/www.reer.de\/blog\/nachgefragt-bei-thomas-ebinger\" target=\"_blank\" rel=\"noreferrer noopener\">chirurgisch<\/a> durch eine Naht versorgt werden oder die Wundr\u00e4nder werden mit Wundkleber adaptiert. Kleine Wunden k\u00f6nnen von selbst heilen (bis ca. 1cm). Befindet sich die Platzwunde am Kopf, insbesondere im Gesicht, ist der Arztbesuch auch bei kleineren Wunden ratsam. Ein fachkundiger Wundverschluss gew\u00e4hrleistet eine m\u00f6glichst unauff\u00e4llige Narbenbildung.<\/p>\n\n\n\n<p>Am besten deckt ihr die Wunde mit einer Kompresse ab. Bei kleinen Platzwunden k\u00f6nnt ihr euer Kind selbstst\u00e4ndig beim Kinderarzt oder bei gr\u00f6\u00dfere Wunden im Krankenhaus vorstellen. Dort wird die Wunde gereinigt, desinfiziert und wenn m\u00f6glich geklebt oder ansonsten gen\u00e4ht. Besonders wichtig ist, dass Kinder \u00fcber einen ausreichenden Impfschutz gegen Tetanus verf\u00fcgen. Deshalb denkt unbedingt an das Impfbuch des Kindes.<\/p>\n\n\n\n<p>Wenn euer Kind jedoch Symptome wie \u00dcbelkeit, Erbrechen, Schwindel oder Bewusstlosigkeit aufweist, sollte umgehend der Rettungsdienst gerufen werden.<\/p>\n\n\n\n<figure class=\"wp-block-image size-large\"><img loading=\"lazy\" decoding=\"async\" width=\"1024\" height=\"1024\" src=\"https:\/\/www.reer.de\/blog\/wp-content\/uploads\/2023\/03\/82049_eckenschutz_mood_01_72dpi-1024x1024.jpg\" alt=\"Kind h\u00e4lt sich am Tischbein fest. Tischecke ist mit einem Eckenschutz gesch\u00fctzt.\" class=\"wp-image-2666\" srcset=\"https:\/\/www.reer.de\/blog\/wp-content\/uploads\/2023\/03\/82049_eckenschutz_mood_01_72dpi-1024x1024.jpg 1024w, https:\/\/www.reer.de\/blog\/wp-content\/uploads\/2023\/03\/82049_eckenschutz_mood_01_72dpi-300x300.jpg 300w, https:\/\/www.reer.de\/blog\/wp-content\/uploads\/2023\/03\/82049_eckenschutz_mood_01_72dpi-150x150.jpg 150w, https:\/\/www.reer.de\/blog\/wp-content\/uploads\/2023\/03\/82049_eckenschutz_mood_01_72dpi-768x768.jpg 768w, https:\/\/www.reer.de\/blog\/wp-content\/uploads\/2023\/03\/82049_eckenschutz_mood_01_72dpi.jpg 1500w\" sizes=\"auto, (max-width: 1024px) 100vw, 1024px\" \/><\/figure>\n\n\n\n<h2 class=\"wp-block-heading\"><a><\/a><strong>Wie sich das zuk\u00fcnftig verhindern l\u00e4sst<\/strong><\/h2>\n\n\n\n<p>Als Eltern k\u00f6nnen wir dazu beitragen, Verletzungen bei unseren Kindern zu vermeiden, indem wir ihre <a href=\"https:\/\/www.reer.de\/blog\/sichere-umgebung\" data-type=\"URL\" data-id=\"https:\/\/www.reer.de\/blog\/sichere-umgebung\" target=\"_blank\" rel=\"noreferrer noopener\">Umgebung sicherer machen<\/a>. Eine M\u00f6glichkeit ist die Verwendung von Kantenschutz, der aus weichem Material besteht und auf die Tischkante aufgeklebt wird. Nat\u00fcrlich k\u00f6nnt ihr auch alle M\u00f6bel mit scharfen Kanten entfernen. Aber Unf\u00e4lle passieren und ihr k\u00f6nnt das als Eltern nicht vollst\u00e4ndig verhindern.<\/p>\n\n\n\n<h2 class=\"wp-block-heading\"><a><\/a><strong>Statistik zum Thema<\/strong><\/h2>\n\n\n\n<p>Kinder im ersten Lebensjahr verungl\u00fccken meistens in der h\u00e4uslichen Umgebung. Mit zunehmendem Lebensalter und wachsender Mobilit\u00e4t gewinnen weitere Unfallorte an Bedeutung, wie in Betreuungs- und Bildungseinrichtungen, auf Spiel- und Sportpl\u00e4tzen, auf \u00f6ffentlichen Verkehrswegen oder beim Aufenthalt im Freien.<\/p>\n\n\n\n<p>Experten gehen davon aus, dass viele dieser Unf\u00e4lle durch richtiges Verhalten und Pr\u00e4vention weitgehend vermeidbar w\u00e4ren. Deshalb kommt der Unfallpr\u00e4vention eine besondere Bedeutung zu (Pr\u00e4vention von Kinderunf\u00e4llen, Bundesministerium f\u00fcr Gesundheit, 2023).<\/p>\n\n\n\n<div class=\"wp-block-media-text alignwide is-stacked-on-mobile\"><figure class=\"wp-block-media-text__media\"><img loading=\"lazy\" decoding=\"async\" width=\"1024\" height=\"634\" src=\"https:\/\/www.reer.de\/blog\/wp-content\/uploads\/2023\/03\/bvH8v3KxSXqo3zDI6EXE_Familie-Dehe-Notarzt-1024x634.jpg\" alt=\"\" class=\"wp-image-2671 size-full\" srcset=\"https:\/\/www.reer.de\/blog\/wp-content\/uploads\/2023\/03\/bvH8v3KxSXqo3zDI6EXE_Familie-Dehe-Notarzt-1024x634.jpg 1024w, https:\/\/www.reer.de\/blog\/wp-content\/uploads\/2023\/03\/bvH8v3KxSXqo3zDI6EXE_Familie-Dehe-Notarzt-300x186.jpg 300w, https:\/\/www.reer.de\/blog\/wp-content\/uploads\/2023\/03\/bvH8v3KxSXqo3zDI6EXE_Familie-Dehe-Notarzt-768x476.jpg 768w, https:\/\/www.reer.de\/blog\/wp-content\/uploads\/2023\/03\/bvH8v3KxSXqo3zDI6EXE_Familie-Dehe-Notarzt-1536x952.jpg 1536w, https:\/\/www.reer.de\/blog\/wp-content\/uploads\/2023\/03\/bvH8v3KxSXqo3zDI6EXE_Familie-Dehe-Notarzt-2048x1269.jpg 2048w\" sizes=\"auto, (max-width: 1024px) 100vw, 1024px\" \/><\/figure><div class=\"wp-block-media-text__content\">\n<p>Eure Annalena und Lukas<\/p>\n<\/div><\/div>\n\n\n\n<div class=\"wp-block-media-text alignwide is-stacked-on-mobile is-vertically-aligned-top\"><figure class=\"wp-block-media-text__media\"><img loading=\"lazy\" decoding=\"async\" width=\"683\" height=\"1024\" src=\"https:\/\/www.reer.de\/blog\/wp-content\/uploads\/2023\/03\/Dr.-Annalena-und-Lukas-Dehe-03-683x1024-1-1.jpg\" alt=\"\" class=\"wp-image-2629 size-full\" srcset=\"https:\/\/www.reer.de\/blog\/wp-content\/uploads\/2023\/03\/Dr.-Annalena-und-Lukas-Dehe-03-683x1024-1-1.jpg 683w, https:\/\/www.reer.de\/blog\/wp-content\/uploads\/2023\/03\/Dr.-Annalena-und-Lukas-Dehe-03-683x1024-1-1-200x300.jpg 200w\" sizes=\"auto, (max-width: 683px) 100vw, 683px\" \/><\/figure><div class=\"wp-block-media-text__content\">\n<p><a href=\"https:\/\/www.12minutes.de\/\"><strong>Dr. med. Lukas Deh\u00e9 von 12minutes<\/strong>,&nbsp;<strong>dem Erste-Hilfe-Kurs f\u00fcr Baby- und Kindernotf\u00e4lle<\/strong><\/a><\/p>\n\n\n\n<p>Hallo, ich bin Lukas! Ich komme urspr\u00fcnglich aus K\u00f6ln und habe sp\u00e4ter in Berlin an der Charit\u00e9 Medizin studiert. Ich bin Facharzt f\u00fcr An\u00e4sthesiologie und Notarzt und arbeite seit vielen Jahren auf Intensivstationen, Notarztwagen und Rettungshubschraubern.<\/p>\n\n\n\n<p>Durch meinen Job als Notfallmediziner erlebe ich viele kleinere und gr\u00f6\u00dfere Notf\u00e4lle bei Babys und Kindern. Dabei erlebe ich immer wieder, dass Eltern in stressigen Notfallsituationen oft das Gef\u00fchl von Hilflosigkeit und die Sorge um das eigene Kind im Weg steht. Besonders h\u00e4ufig sind Eins\u00e4tze bei S\u00e4uglingen mit Fieberkr\u00e4mpfen. Da der Krampfanfall meistens schon wieder vorbei ist, wenn der Rettungsdienst eintrifft, nehme ich mir vor allem Zeit, die Eltern zu beruhigen. Seit ich selbst Vater von 2-j\u00e4hrigen Zwillingen bin, kann ich das noch besser nachempfinden. Daher ist 12minutes auch eine riesige Herzensangelegenheit f\u00fcr mich. Ich m\u00f6chte Eltern Sicherheit im Umgang mit Notf\u00e4llen geben, damit sie im Fall der F\u00e4lle bestm\u00f6glich helfen k\u00f6nnen.<\/p>\n\n\n\n<ul class=\"wp-block-list\"><li>Noch 3 Fun Facts \u00fcber mich zum Abschluss: Ich wollte eigentlich einmal Astronaut werden.<\/li><li>Ich h\u00f6re als geb\u00fcrtiger K\u00f6lner immer noch Karnevalsmusik, obwohl ich seit 20 Jahren in Berlin lebe!<\/li><li>Ich fliege viel Rettungshubschrauber, habe aber eigentlich H\u00f6henangst&nbsp;<img decoding=\"async\" src=\"https:\/\/s.w.org\/images\/core\/emoji\/14.0.0\/svg\/1f642.svg\" alt=\"\ud83d\ude42\" style=\"width: 20px;\"><\/li><\/ul>\n<\/div><\/div>\n\n\n\n<hr class=\"wp-block-separator has-alpha-channel-opacity\"\/>\n\n\n\n<p><a rel=\"noreferrer noopener\" href=\"https:\/\/www.reer.de\/blog\/wie-nehmen-kleinkinder-gefahren-wahr\" data-type=\"URL\" data-id=\"https:\/\/www.reer.de\/blog\/wie-nehmen-kleinkinder-gefahren-wahr\" target=\"_blank\">Willst Du mehr dar\u00fcber erfahren, wie Kleinkinder Gefahren wahrnehmen?<\/a> Klicke auf den Link.<\/p>\n\n\n\n<h2 class=\"wp-block-heading\"><a><\/a><strong>Pr\u00e4ventionsprodukte von reer<\/strong><\/h2>\n\n\n\n<p>Auf der Website von reer finden Eltern eine gro\u00dfe Auswahl an <a rel=\"noreferrer noopener\" href=\"https:\/\/www.reer.de\/blog\/mit-sicherheit-gross-werden\" data-type=\"URL\" data-id=\"https:\/\/www.reer.de\/blog\/mit-sicherheit-gross-werden\" target=\"_blank\">Pr\u00e4ventionsprodukten<\/a>, die helfen k\u00f6nnen, Verletzungen durch St\u00fcrze oder St\u00f6\u00dfe zu vermeiden. Darunter befinden sich Kantenschutzprodukte, Bettgitter und Kindersicherungen f\u00fcr Schubladen und Schr\u00e4nke. Es lohnt sich also, sich hier umzuschauen und zu \u00fcberlegen, welche Produkte f\u00fcr die <a rel=\"noreferrer noopener\" href=\"https:\/\/www.reer.de\/blog\/tipps-kindersichere-wohnung\" data-type=\"URL\" data-id=\"https:\/\/www.reer.de\/blog\/tipps-kindersichere-wohnung\" target=\"_blank\">individuelle Wohnsituation<\/a> und die Bed\u00fcrfnisse der Familie am besten geeignet sind.<\/p>\n\n\n\n<p>Insgesamt ist es wichtig, die <a href=\"https:\/\/www.reer.de\/blog\/5-basics-fuer-mehr-sicherheit-im-kinderzimmer\" data-type=\"URL\" data-id=\"https:\/\/www.reer.de\/blog\/5-basics-fuer-mehr-sicherheit-im-kinderzimmer\" target=\"_blank\" rel=\"noreferrer noopener\">Sicherheit<\/a> unserer Kinder im Blick zu behalten und entsprechende Vorkehrungen zu treffen, um Verletzungen zu vermeiden. Auch wenn ein Unfall passiert ist, sollten wir als Eltern Ruhe bewahren und angemessen handeln, um unserem Kind schnellstm\u00f6glich zu helfen.<\/p>\n\n\n\n<p><strong>Du interessierst Dich auch f\u00fcr Pr\u00e4vention sowie Unfallhilfe? Lies daf\u00fcr die dazugeh\u00f6rigen, verlinkten Blogbeitr\u00e4ge.<\/strong><\/p>\n\n\n\n<ul class=\"wp-block-list\"><li><a rel=\"noreferrer noopener\" href=\"https:\/\/www.reer.de\/blog\/mein-kind-spielt-an-der-steckdose\" target=\"_blank\">Stromunfall<\/a><\/li><li><a rel=\"noreferrer noopener\" href=\"https:\/\/www.reer.de\/blog\/mein-kind-ist-die-treppe-hinuntergestuerzt-was-kann-ich-tun\" target=\"_blank\">Treppensturz<\/a><\/li><li><a href=\"https:\/\/www.reer.de\/blog\/mein-kind-hat-den-schrank-unter-der-spuele-geoeffnet-und-putzmittel-getrunken-was-kann-ich-tun\">Vergiftung<\/a>&nbsp;durch Putzmitteln<\/li><li>Was tun wenn das Kind auf die&nbsp;<a rel=\"noreferrer noopener\" href=\"https:\/\/www.reer.de\/blog\/mein-kind-hat-auf-die-heisse-herdplatte-gefasst-und-sich-die-hand-verbrannt-was-soll-ich-tun\" target=\"_blank\">Herdplatte<\/a>&nbsp;gefasst hat<\/li><\/ul>\n\n\n\n<hr class=\"wp-block-separator has-alpha-channel-opacity\"\/>\n\n\n\n<p class=\"has-text-align-center\"><em><strong>Dieser Beitrag ersetzt keine \u00e4rztlichen Behandlungen, er dient lediglich der Information.&nbsp;<\/strong><\/em><\/p>\n\n\n\n<hr class=\"wp-block-separator has-alpha-channel-opacity\"\/>\n\n\n\n<div class=\"wp-block-columns has-cyan-bluish-gray-background-color has-background is-layout-flex wp-container-core-columns-is-layout-9d6595d7 wp-block-columns-is-layout-flex\">\n<div class=\"wp-block-column is-layout-flow wp-block-column-is-layout-flow\">\n<figure class=\"wp-block-image size-large\"><a href=\"https:\/\/www.reer.de\/Eckenschutz-TPE-PVC-frei-4-Stueck?utm_source=blog&amp;utm_medium=post&amp;utm_campaign=kopfsto%C3%9F\" target=\"_blank\" rel=\"noreferrer noopener\"><img decoding=\"async\" src=\"https:\/\/www.reer.de\/thumbnail\/26\/2f\/88\/1678102001\/82049_Eckenschutz_collage-00_1920x1920.jpg\" alt=\"Ein Wickeltisch-W\u00e4rmestrahler von reer\"\/><\/a><\/figure>\n\n\n\n<h2 class=\"wp-block-heading\">Eckenschutz TPE (PVC-frei), 4 St\u00fcck<\/h2>\n\n\n\n<ul class=\"wp-block-list\" id=\"block-299cb535-dee4-4f1e-ad83-49724cd9220b\"><li>volltransparent &amp; unauff\u00e4llig<\/li><li>frei von Schadstoffen, PVC, BPA und Latex<\/li><li>extra weiches Material umschlie\u00dft die komplette Ecke<\/li><li>einfache Montage durch vormontiertes Klebeband<\/li><li>starker Halt und r\u00fcckstandfreies Entfernen&nbsp;<\/li><\/ul>\n\n\n\n<div class=\"wp-block-buttons is-layout-flex wp-block-buttons-is-layout-flex\">\n<div class=\"wp-block-button\"><a class=\"wp-block-button__link\" href=\"https:\/\/www.reer.de\/Eckenschutz-TPE-PVC-frei-4-Stueck?utm_source=blog&amp;utm_medium=post&amp;utm_campaign=kopfsto%C3%9F\" target=\"_blank\" rel=\"noreferrer noopener\">Jetzt kaufen<\/a><\/div>\n<\/div>\n<\/div>\n\n\n\n<div class=\"wp-block-column is-layout-flow wp-block-column-is-layout-flow\">\n<figure class=\"wp-block-image size-large\"><a href=\"https:\/\/www.reer.de\/Eckenschutz-soft-weiss?utm_source=blog&amp;utm_medium=post&amp;utm_campaign=kopfsto%C3%9F\" target=\"_blank\" rel=\"noreferrer noopener\"><img decoding=\"async\" src=\"https:\/\/www.reer.de\/thumbnail\/9d\/94\/16\/1634801143\/82030_Eckenschutz_weiss-collage-00_1920x1920.jpg\" alt=\"Ein Wickeltisch-W\u00e4rmestrahler von reer\"\/><\/a><\/figure>\n\n\n\n<h2 class=\"wp-block-heading\">Eckenschutz soft, wei\u00df<\/h2>\n\n\n\n<ul class=\"wp-block-list\" id=\"block-299cb535-dee4-4f1e-ad83-49724cd9220b\"><li>weicher Schaumstoff d\u00e4mpft einen Aufprall sicher und sanft ab<\/li><li>spezielle Oberfl\u00e4chenstruktur: bissfest und leicht zu reinigen<\/li><li>einfache Klebemontage und zuverl\u00e4ssiger Halt<\/li><\/ul>\n\n\n\n<div class=\"wp-block-buttons is-layout-flex wp-block-buttons-is-layout-flex\">\n<div class=\"wp-block-button\"><a class=\"wp-block-button__link\" href=\"https:\/\/www.reer.de\/Eckenschutz-soft-weiss?utm_source=blog&amp;utm_medium=post&amp;utm_campaign=kopfsto%C3%9F\" target=\"_blank\" rel=\"noreferrer noopener\">Jetzt kaufen<\/a><\/div>\n<\/div>\n<\/div>\n\n\n\n<div class=\"wp-block-column is-layout-flow wp-block-column-is-layout-flow\">\n<figure class=\"wp-block-image size-large\"><a href=\"https:\/\/www.reer.de\/Kantenschutz-soft-weiss?utm_source=blog&amp;utm_medium=post&amp;utm_campaign=kopfsto%C3%9F\" target=\"_blank\" rel=\"noreferrer noopener\"><img decoding=\"async\" src=\"https:\/\/www.reer.de\/thumbnail\/ac\/b7\/ff\/1634802269\/82040_kantenschutz-weiss-collage-00_1920x1920.jpg\" alt=\"Ein Wickeltisch-W\u00e4rmestrahler von reer\"\/><\/a><\/figure>\n\n\n\n<h2 class=\"wp-block-heading\">Kantenschutz soft, wei\u00df<\/h2>\n\n\n\n<ul class=\"wp-block-list\" id=\"block-299cb535-dee4-4f1e-ad83-49724cd9220b\"><li>weicher Schaumstoff d\u00e4mpft einen Aufprall besonders sicher und sanft ab<\/li><li>spezielle Oberfl\u00e4chenstruktur: bissfest und leicht zu reinigen L\u00e4nge individuell zuschneidbar<\/li><\/ul>\n\n\n\n<div class=\"wp-block-buttons is-layout-flex wp-block-buttons-is-layout-flex\">\n<div class=\"wp-block-button\"><a class=\"wp-block-button__link\" href=\"https:\/\/www.reer.de\/Kantenschutz-soft-weiss?utm_source=blog&amp;utm_medium=post&amp;utm_campaign=kopfsto%C3%9F\" target=\"_blank\" rel=\"noreferrer noopener\">Jetzt kaufen<\/a><\/div>\n<\/div>\n<\/div>\n<\/div>\n","protected":false},"excerpt":{"rendered":"<p>Kinder sind aktiv und neugierig und es ist nicht ungew\u00f6hnlich, dass sie sich im Laufe ihrer Entwicklung verletzen. H\u00e4ufig kommen [&hellip;]<\/p>\n","protected":false},"author":10,"featured_media":2730,"comment_status":"closed","ping_status":"open","sticky":false,"template":"","format":"standard","meta":{"footnotes":""},"categories":[22,6],"tags":[],"class_list":["post-2620","post","type-post","status-publish","format-standard","has-post-thumbnail","hentry","category-erste-hilfe","category-kindersicherheit"],"_links":{"self":[{"href":"https:\/\/www.reer.de\/blog\/wp-json\/wp\/v2\/posts\/2620","targetHints":{"allow":["GET"]}}],"collection":[{"href":"https:\/\/www.reer.de\/blog\/wp-json\/wp\/v2\/posts"}],"about":[{"href":"https:\/\/www.reer.de\/blog\/wp-json\/wp\/v2\/types\/post"}],"author":[{"embeddable":true,"href":"https:\/\/www.reer.de\/blog\/wp-json\/wp\/v2\/users\/10"}],"replies":[{"embeddable":true,"href":"https:\/\/www.reer.de\/blog\/wp-json\/wp\/v2\/comments?post=2620"}],"version-history":[{"count":28,"href":"https:\/\/www.reer.de\/blog\/wp-json\/wp\/v2\/posts\/2620\/revisions"}],"predecessor-version":[{"id":2740,"href":"https:\/\/www.reer.de\/blog\/wp-json\/wp\/v2\/posts\/2620\/revisions\/2740"}],"wp:featuredmedia":[{"embeddable":true,"href":"https:\/\/www.reer.de\/blog\/wp-json\/wp\/v2\/media\/2730"}],"wp:attachment":[{"href":"https:\/\/www.reer.de\/blog\/wp-json\/wp\/v2\/media?parent=2620"}],"wp:term":[{"taxonomy":"category","embeddable":true,"href":"https:\/\/www.reer.de\/blog\/wp-json\/wp\/v2\/categories?post=2620"},{"taxonomy":"post_tag","embeddable":true,"href":"https:\/\/www.reer.de\/blog\/wp-json\/wp\/v2\/tags?post=2620"}],"curies":[{"name":"wp","href":"https:\/\/api.w.org\/{rel}","templated":true}]}}