{"id":182,"date":"2021-09-14T10:41:59","date_gmt":"2021-09-14T08:41:59","guid":{"rendered":"https:\/\/reer.demoshop6.dev.arboro.de\/blog\/?p=182"},"modified":"2022-12-21T08:53:45","modified_gmt":"2022-12-21T07:53:45","slug":"checkliste-kindersicheres-zuhause","status":"publish","type":"post","link":"https:\/\/www.reer.de\/blog\/checkliste-kindersicheres-zuhause","title":{"rendered":"Checkliste: Kindersicheres Zuhause"},"content":{"rendered":"\n<p>Jedes Jahr verungl\u00fccken in Deutschland mehr als 500.000 Kinder im h\u00e4uslichen Bereich. Das Tragische daran ist, dass ca. 60% dieser Unf\u00e4lle h\u00e4tten verhindert werden k\u00f6nnen.<\/p>\n\n\n\n<p>Ein Grund f\u00fcr viele Unf\u00e4lle ist, dass Eltern sich der Gefahren nicht bewusst sind oder diese untersch\u00e4tzen. Meist wird die Unfallgefahr im Stra\u00dfenverkehr als viel h\u00f6her erachtet als die in den eigenen vier W\u00e4nden. Statistiken belegen jedoch, dass 70% der Unf\u00e4lle Zuhause passieren.<\/p>\n\n\n\n<figure class=\"wp-block-image size-full\"><img loading=\"lazy\" decoding=\"async\" width=\"675\" height=\"350\" src=\"https:\/\/www.reer.de\/blog\/wp-content\/uploads\/2022\/12\/Bild-1.png\" alt=\"Alle 20 Sekunden verungl\u00fcckt ein Kind. 70% aller Unf\u00e4lle passieren Zuhause. Mehr als 60% aller Unf\u00e4lle sind vermeidbar.\" class=\"wp-image-2209\" srcset=\"https:\/\/www.reer.de\/blog\/wp-content\/uploads\/2022\/12\/Bild-1.png 675w, https:\/\/www.reer.de\/blog\/wp-content\/uploads\/2022\/12\/Bild-1-300x156.png 300w\" sizes=\"auto, (max-width: 675px) 100vw, 675px\" \/><\/figure>\n\n\n\n<p>In jedem Raum eines Hauses oder einer Wohnung lauern Gefahren, die wir Erwachsenen nicht wahrnehmen. Am besten nimmst Du deshalb ganz bewusst die Perspektive Deines Kindes ein. Daraus ergeben sich automatisch viele Gefahrenstellen, die Du vorher nicht im Blick hattest.<\/p>\n\n\n\n<p>Um Dich dabei zu unterst\u00fctzen, Dein Zuhause kindersicher zu machen und rechtzeitig vorzubeugen, haben wir ganz nach dem Motto &#8222;Gefahren sehen, verstehen, verhindern&#8220; eine Checkliste f\u00fcr Dich erstellt.<\/p>\n\n\n\n<p>F\u00fcr jeden Raum findest Du Sicherheitstipps, Informationen zu den h\u00e4ufigsten Gefahrenstellen und passende L\u00f6sungen:<\/p>\n\n\n\n<figure class=\"wp-block-image size-full\"><img loading=\"lazy\" decoding=\"async\" width=\"724\" height=\"1024\" src=\"https:\/\/www.reer.de\/blog\/wp-content\/uploads\/2022\/12\/Bild-2-1-724x1024-1.png\" alt=\"Die Checkliste f\u00fcr ein kindersicheres Zuhause\" class=\"wp-image-2210\" srcset=\"https:\/\/www.reer.de\/blog\/wp-content\/uploads\/2022\/12\/Bild-2-1-724x1024-1.png 724w, https:\/\/www.reer.de\/blog\/wp-content\/uploads\/2022\/12\/Bild-2-1-724x1024-1-212x300.png 212w\" sizes=\"auto, (max-width: 724px) 100vw, 724px\" \/><\/figure>\n\n\n\n<div class=\"wp-block-columns has-cyan-bluish-gray-background-color has-background is-layout-flex wp-container-core-columns-is-layout-9d6595d7 wp-block-columns-is-layout-flex\">\n<div class=\"wp-block-column is-layout-flow wp-block-column-is-layout-flow\">\n<figure class=\"wp-block-image size-large\"><a href=\"https:\/\/www.reer.de\/Advanced-Klemm-und-Schraubgitter-77-110-cm-Durchgangsbreiten?utm_source=blog&amp;%20utm_medium=pt&amp;utm_campaign=kindersicheres-zuhause\" target=\"_blank\" rel=\"noreferrer noopener\"><img decoding=\"async\" src=\"https:\/\/www.reer.de\/thumbnail\/0e\/bb\/6c\/1670831327\/46120_Collage-Durchgangsbreite_1920x1920.jpg\" alt=\"Ein Wickeltisch-W\u00e4rmestrahler von reer\"\/><\/a><\/figure>\n\n\n\n<h2 class=\"wp-block-heading\">Advanced Klemm- und Schraubgitter<\/h2>\n\n\n\n<ul class=\"wp-block-list\" id=\"block-299cb535-dee4-4f1e-ad83-49724cd9220b\"><li>variabel einstellbare Gitterbreite von 77 &#8211; 110 cm<\/li><li>Zwei Montagem\u00f6glichkeiten<\/li><li>vereint die Vorteile eines T\u00fcrgitters mit denen eines Schraubgitters<\/li><li>es bleibt die volle Durchgangsbreite erhalten<\/li><\/ul>\n\n\n\n<div class=\"wp-block-buttons is-layout-flex wp-block-buttons-is-layout-flex\">\n<div class=\"wp-block-button\"><a class=\"wp-block-button__link\" href=\"https:\/\/www.reer.de\/Advanced-Klemm-und-Schraubgitter-77-110-cm-Durchgangsbreiten?utm_source=blog&amp;%20utm_medium=pt&amp;utm_campaign=kindersicheres-zuhause\" target=\"_blank\" rel=\"noreferrer noopener\">Jetzt kaufen<\/a><\/div>\n<\/div>\n<\/div>\n\n\n\n<div class=\"wp-block-column is-layout-flow wp-block-column-is-layout-flow\">\n<figure class=\"wp-block-image size-large\"><a href=\"https:\/\/www.reer.de\/ByMySide-Bettgitter-150-cm-lang-mit-Abklappfunktion?utm_source=blog&amp;%20utm_medium=pt&amp;utm_campaign=kindersicheres-zuhause\" target=\"_blank\" rel=\"noreferrer noopener\"><img decoding=\"async\" src=\"https:\/\/www.reer.de\/thumbnail\/41\/7e\/dc\/1632992902\/bymyside_startbild_1920x1920.jpg\" alt=\"Ein Wickeltisch-W\u00e4rmestrahler von reer\"\/><\/a><\/figure>\n\n\n\n<h2 class=\"wp-block-heading\">ByMySide Bettgitter 150 cm lang<\/h2>\n\n\n\n<ul class=\"wp-block-list\" id=\"block-299cb535-dee4-4f1e-ad83-49724cd9220b\"><li>integrierte Abklappfunktion (nicht bei allen Bettarten m\u00f6glich)<\/li><li>extra hoch: 50 cm<\/li><li>f\u00fcr Matratzen 10 &#8211; 30 cm<\/li><li>extra weiche, knisterfreie Bespannung<\/li><li>schnelle Montage mit wenigen Handgriffen<\/li><li>f\u00fcr Boxspringbetten kann das Bettgitter mit Gurtsystem nur verwendet werden, wenn die Matratze \u00fcber den Gitterf\u00fc\u00dfen zwischen 10 und 30 cm dick ist<\/li><\/ul>\n\n\n\n<div class=\"wp-block-buttons is-layout-flex wp-block-buttons-is-layout-flex\">\n<div class=\"wp-block-button\"><a class=\"wp-block-button__link\" href=\"https:\/\/www.reer.de\/ByMySide-Bettgitter-150-cm-lang-mit-Abklappfunktion?utm_source=blog&amp;%20utm_medium=pt&amp;utm_campaign=kindersicheres-zuhause\" target=\"_blank\" rel=\"noreferrer noopener\">Jetzt kaufen<\/a><\/div>\n<\/div>\n<\/div>\n\n\n\n<div class=\"wp-block-column is-layout-flow wp-block-column-is-layout-flow\">\n<figure class=\"wp-block-image size-large\"><a href=\"https:\/\/www.reer.de\/Premium-XL-Herdschutz?utm_source=blog&amp;%20utm_medium=pt&amp;utm_campaign=kindersicheres-zuhause\" target=\"_blank\" rel=\"noreferrer noopener\"><img decoding=\"async\" src=\"https:\/\/www.reer.de\/thumbnail\/c4\/24\/7c\/1639729404\/20078_Herdschutz_1_1920x1920.jpg\" alt=\"Ein Wickeltisch-W\u00e4rmestrahler von reer\"\/><\/a><\/figure>\n\n\n\n<h2 class=\"wp-block-heading\">Premium XL Herdschutz<\/h2>\n\n\n\n<ul class=\"wp-block-list\" id=\"block-299cb535-dee4-4f1e-ad83-49724cd9220b\"><li>sch\u00fctzt Kinder vor Verbr\u00fchungen und Verbrennungen am Herd<\/li><li>geeignet f\u00fcr Elektro-, Gas- und Induktionsherde<\/li><li>geeignet f\u00fcr Kochfelder mit einer Breite von 57 &#8211; 90 cm<\/li><li>Montage ohne Bohren und Schrauben durch Klebeleisten auf der Arbeitsplatte (r\u00fcckstandslos zu entfernen)<\/li><li>sp\u00fclmaschinengeeignet<\/li><\/ul>\n\n\n\n<div class=\"wp-block-buttons is-layout-flex wp-block-buttons-is-layout-flex\">\n<div class=\"wp-block-button\"><a class=\"wp-block-button__link\" href=\"https:\/\/www.reer.de\/Premium-XL-Herdschutz?utm_source=blog&amp;%20utm_medium=pt&amp;utm_campaign=kindersicheres-zuhause\" target=\"_blank\" rel=\"noreferrer noopener\">Jetzt kaufen<\/a><\/div>\n<\/div>\n<\/div>\n<\/div>\n","protected":false},"excerpt":{"rendered":"<p>Jedes Jahr verungl\u00fccken in Deutschland mehr als 500.000 Kinder im h\u00e4uslichen Bereich. Das Tragische daran ist, dass ca. 60% dieser [&hellip;]<\/p>\n","protected":false},"author":1,"featured_media":685,"comment_status":"open","ping_status":"open","sticky":false,"template":"","format":"standard","meta":{"footnotes":""},"categories":[10,6],"tags":[],"class_list":["post-182","post","type-post","status-publish","format-standard","has-post-thumbnail","hentry","category-1-3-jahre","category-kindersicherheit"],"_links":{"self":[{"href":"https:\/\/www.reer.de\/blog\/wp-json\/wp\/v2\/posts\/182","targetHints":{"allow":["GET"]}}],"collection":[{"href":"https:\/\/www.reer.de\/blog\/wp-json\/wp\/v2\/posts"}],"about":[{"href":"https:\/\/www.reer.de\/blog\/wp-json\/wp\/v2\/types\/post"}],"author":[{"embeddable":true,"href":"https:\/\/www.reer.de\/blog\/wp-json\/wp\/v2\/users\/1"}],"replies":[{"embeddable":true,"href":"https:\/\/www.reer.de\/blog\/wp-json\/wp\/v2\/comments?post=182"}],"version-history":[{"count":6,"href":"https:\/\/www.reer.de\/blog\/wp-json\/wp\/v2\/posts\/182\/revisions"}],"predecessor-version":[{"id":2211,"href":"https:\/\/www.reer.de\/blog\/wp-json\/wp\/v2\/posts\/182\/revisions\/2211"}],"wp:featuredmedia":[{"embeddable":true,"href":"https:\/\/www.reer.de\/blog\/wp-json\/wp\/v2\/media\/685"}],"wp:attachment":[{"href":"https:\/\/www.reer.de\/blog\/wp-json\/wp\/v2\/media?parent=182"}],"wp:term":[{"taxonomy":"category","embeddable":true,"href":"https:\/\/www.reer.de\/blog\/wp-json\/wp\/v2\/categories?post=182"},{"taxonomy":"post_tag","embeddable":true,"href":"https:\/\/www.reer.de\/blog\/wp-json\/wp\/v2\/tags?post=182"}],"curies":[{"name":"wp","href":"https:\/\/api.w.org\/{rel}","templated":true}]}}