{"id":146,"date":"2021-09-14T09:56:21","date_gmt":"2021-09-14T07:56:21","guid":{"rendered":"https:\/\/reer.demoshop6.dev.arboro.de\/blog\/?p=146"},"modified":"2022-12-21T09:12:29","modified_gmt":"2022-12-21T08:12:29","slug":"mit-sicherheit-gross-werden","status":"publish","type":"post","link":"https:\/\/www.reer.de\/blog\/mit-sicherheit-gross-werden","title":{"rendered":"Mit Sicherheit gro\u00df werden: reer Produkte besch\u00fctzen sicher Deinen Nachwuchs"},"content":{"rendered":"\n<p>Es ist oft nur ein kurzer Moment der Unachtsamkeit, eine pl\u00f6tzliche Ablenkung und schon ist es passiert: St\u00fcrze, Verbrennungen und Vergiftungen geh\u00f6ren zu den drei h\u00e4ufigsten Ursachen bei Unf\u00e4llen von Kindern im Alter von ein bis vier Jahren. Gerade in dieser Altersgruppe passieren 60% aller Unf\u00e4lle im h\u00e4uslichen Umfeld.<\/p>\n\n\n\n<p>Die Unfallgefahren sind sehr stark vom Alter des Kindes abh\u00e4ngig, denn Kleinkinder erwerben von Tag zu Tag neue F\u00e4higkeiten und m\u00f6chten ihr Lebensumfeld entdecken. So wachsen mit zunehmendem Alter die Mobilit\u00e4t und der Aktionsradius des Kindes, doch damit auch die Gefahren und Risiken f\u00fcr das Kleine. Gleichzeitig haben Kinder etwa bis zum vierten Lebensjahr noch kein Gefahrenbewusstsein &#8211; so k\u00f6nnen ganz allt\u00e4gliche Situationen wie eine hei\u00dfe Herdplatte, eine Treppe oder ein unverschlossener Medizinschrank tragische Folgen haben.<\/p>\n\n\n\n<p>Inzwischen gibt es jedoch einige praktische L\u00f6sungen, um das Zuhause mit wenigen Handgriffen sicherer f\u00fcr Kinder zu gestalten \u2013 und das ist gar nicht mal so teuer. Egal ob Gittervorrichtungen f\u00fcr Treppen, Herd oder Bettchen, Steckdosen- und Kantenschutz oder Schubladenverschl\u00fcsse, das Traditionsunternehmen reer bietet seit vielen Jahren unkomplizierte Sicherheitsl\u00f6sungen f\u00fcr Kinder, die leicht zu montieren sind.<\/p>\n\n\n\n<h3 class=\"wp-block-heading\">Aufkl\u00e4rung hilft Gefahren zu erkennen<\/h3>\n\n\n\n<figure class=\"wp-block-image size-full\"><img loading=\"lazy\" decoding=\"async\" width=\"675\" height=\"480\" src=\"https:\/\/www.reer.de\/blog\/wp-content\/uploads\/2022\/12\/bild-1-4.png\" alt=\"Infografik: Die gr\u00f6\u00dften Unfallgefahren f\u00fcr Kinder aus Sicht der Eltern und die tats\u00e4chlichen Unf\u00e4lle\" class=\"wp-image-2262\" srcset=\"https:\/\/www.reer.de\/blog\/wp-content\/uploads\/2022\/12\/bild-1-4.png 675w, https:\/\/www.reer.de\/blog\/wp-content\/uploads\/2022\/12\/bild-1-4-300x213.png 300w\" sizes=\"auto, (max-width: 675px) 100vw, 675px\" \/><\/figure>\n\n\n\n<p>Viele Eltern untersch\u00e4tzen allerdings immer noch die Gefahrenquellen im eigenen Haushalt. So zeigt&nbsp;<a href=\"https:\/\/www.kindersicherheit.de\/fachinformationen\/studien-und-expertisen.html\">eine Studie der GfK aus dem Jahr 2012<\/a>&nbsp;sehr anschaulich, dass 60 Prozent der Eltern der Annahme sind, ihre Kinder seien im Stra\u00dfenverkehr am meisten gef\u00e4hrdet. Lediglich 17 Prozent glauben hingegen, dass sie sich zu Hause verletzen k\u00f6nnen. Die Unfallzahlen zeigen jedoch ein widerspr\u00fcchliches Bild: 78% aller Unf\u00e4lle passieren in den eigenen vier W\u00e4nden oder in Betreuungseinrichtung, lediglich 14% ereignen sich im Stra\u00dfenverkehr. Kinder unter f\u00fcnf Jahren sind dabei besonders gef\u00e4hrdet, unter zwei Jahren verletzten sie sich besonders oft und schwer am Kopf. Auf die Gefahren im Haushalt aufmerksam machen und Verletzungen vermeiden, dem haben sich die Sicherheitsprofis von reer verschrieben. &#8222;Nur wenn man die Gefahren kennt, kann man sinnvolle Schutzma\u00dfnahmen ergreifen&#8220;, erkl\u00e4rt Rainer M\u00f6rk, Inhaber der reer GmbH. &#8222;Darum versuchen wir in erster Linie aufzukl\u00e4ren und L\u00f6sungen anzubieten, die sich Jeder leisten kann. Wir wollen Verletzung vermeiden und Kindern einen sicheren Ort zum unbeschwerten Aufwachsen geben.&#8220; Unter dem Motto &#8222;Gefahren sehen, verstehen, verhindern&#8220; zeigt reer den Eltern auch im Web die h\u00e4ufigsten Gefahrenstellen f\u00fcr Kleinkinder auf. Das&nbsp;virtuelle Sicherheitshaus&nbsp;l\u00e4dt zu einem virtuellen 360\u00b0-Rundgang ein und zeigt interaktiv Sicherheitsl\u00f6sungen f\u00fcr die Kleinsten.<\/p>\n\n\n\n<h3 class=\"wp-block-heading\">F\u00fcr jede Gefahr die richtige L\u00f6sung<\/h3>\n\n\n\n<figure class=\"wp-block-image size-full\"><img loading=\"lazy\" decoding=\"async\" width=\"682\" height=\"1024\" src=\"https:\/\/www.reer.de\/blog\/wp-content\/uploads\/2022\/12\/bild-2-52-682x1024-1.jpg\" alt=\"Kind spielt mit den Putzmitteln des Schrankes\" class=\"wp-image-2263\" srcset=\"https:\/\/www.reer.de\/blog\/wp-content\/uploads\/2022\/12\/bild-2-52-682x1024-1.jpg 682w, https:\/\/www.reer.de\/blog\/wp-content\/uploads\/2022\/12\/bild-2-52-682x1024-1-200x300.jpg 200w\" sizes=\"auto, (max-width: 682px) 100vw, 682px\" \/><\/figure>\n\n\n\n<p>Autos, Kletterger\u00e4te oder giftige Pflanzen, au\u00dferhalb der Wohnung erkennen Eltern Gefahren meist auf den ersten Blick. Zu Hause ist das komplizierter. \u201eUnser Zuhause ist uns vertraut und wir f\u00fchlen uns dort so sicher, dass wir die Gefahren f\u00fcr kleine Kinder und Babys oft untersch\u00e4tzen\u201c, erkl\u00e4rt Tim Lorenz, Gesch\u00e4ftsf\u00fchrer der reer GmbH. So kann der komfortable Herd, das praktische Putzmittel oder die moderne Schrankwand mit Schubladen zur Gefahrenquelle f\u00fcr Kinder werden. Auch H\u00f6hen, die f\u00fcr Erwachsene leicht \u00fcberwindbar sind, k\u00f6nnen f\u00fcr Kleinkinder und Babys gef\u00e4hrlich sein: beispielsweise das Kinderbettchen oder eine Treppe. Gefahrenquellen auszuschalten, bevor schwere Unf\u00e4lle passieren, ist mit reer Produkten sehr leicht m\u00f6glich. So bietet das Unternehmen Herdschutzgitter an, die Kinder daran hindern, T\u00f6pfe mit Fl\u00fcssigkeiten herunter zu ziehen oder auf den hei\u00dfen Herd zu fassen. Der Steckdosenschutz bewahrt die kleinen Lieblinge vor Stromschl\u00e4gen und kann entweder geschraubt oder geklebt werden. Gitter am Kinderbettchen oder an Treppen verhindern St\u00fcrze, Gitter am Wickeltisch sichern Babys ab. Eingeklemmte Finger und der Zugriff auf gef\u00e4hrliche Gegenst\u00e4nde geh\u00f6ren mit Schubladen- und Schranksicherungen der Vergangenheit an, T\u00fcren werden mit T\u00fcrstoppern, Fingerklemmschutz und T\u00fcrbremsen sicher. Der Kantenschutz verhindert blaue Flecken, schmerzende Beulen oder gef\u00e4hrliche Platzwunden.<\/p>\n\n\n\n<h3 class=\"wp-block-heading\">Sicherheit und Wohlbefinden vom ersten Tag an<\/h3>\n\n\n\n<figure class=\"wp-block-image size-full\"><img loading=\"lazy\" decoding=\"async\" width=\"1024\" height=\"895\" src=\"https:\/\/www.reer.de\/blog\/wp-content\/uploads\/2022\/12\/bild-3-27-1024x895-1.jpg\" alt=\"Der FeelWell Wickeltisch-W\u00e4rmestrahler ist an der Wand montiert\" class=\"wp-image-2264\" srcset=\"https:\/\/www.reer.de\/blog\/wp-content\/uploads\/2022\/12\/bild-3-27-1024x895-1.jpg 1024w, https:\/\/www.reer.de\/blog\/wp-content\/uploads\/2022\/12\/bild-3-27-1024x895-1-300x262.jpg 300w, https:\/\/www.reer.de\/blog\/wp-content\/uploads\/2022\/12\/bild-3-27-1024x895-1-768x671.jpg 768w\" sizes=\"auto, (max-width: 1024px) 100vw, 1024px\" \/><\/figure>\n\n\n\n<p>Neben vielen cleveren Sicherheitsl\u00f6sungen bietet reer auch eine gro\u00dfe Produktpalette an praktischen Helfern, die kein Elternhaushalt mehr missen will. Als Erfinder des Beikost- und Flaschenw\u00e4rmers sowie des Babyphones und des Wickeltisch-W\u00e4rmestrahlers versucht der Sicherheitsexperte den Alltag junger Eltern und Kinder stetig zu erleichtern. Dazu geh\u00f6rt auch, dass Situationen aus Kindersicht analysiert und Produkte so konzipiert werden, dass sie Kinder und Eltern gleicherma\u00dfen \u00fcberzeugen. Der Wickeltisch-W\u00e4rmestrahler beispielsweise, der 1997 von den Leonbergern erfunden wurde, verhindert unangenehmes Ausk\u00fchlen w\u00e4hrend des Wickelns. Der Vorteil liegt auf der Hand: Babys f\u00fchlen sich einfach wohl und die Eltern wickeln den Nachwuchs viel entspannter. \u201eDieses Beispiel zeigt gut, wie wir unsere Arbeit verstehen\u201c, erkl\u00e4rt Rainer M\u00f6rk. \u201eWir wollen, dass sich Eltern und Kinder einfach wohlf\u00fchlen und entwickeln moderne Produkte f\u00fcr ganz besondere Bed\u00fcrfnisse.\u201c Das umfangreiche Sicherheitssortiment f\u00fcr zu Hause wird u.a. von Fieberthermometern, Babykostw\u00e4rmern, Isolierbeh\u00e4ltern, Insektenschutznetzen und Sonnenschirmen abgerundet.<\/p>\n\n\n\n<div class=\"wp-block-columns has-cyan-bluish-gray-background-color has-background is-layout-flex wp-container-core-columns-is-layout-9d6595d7 wp-block-columns-is-layout-flex\">\n<div class=\"wp-block-column is-layout-flow wp-block-column-is-layout-flow\">\n<figure class=\"wp-block-image size-large\"><a href=\"https:\/\/www.reer.de\/Premium-XL-Herdschutz?utm_source=blog&amp;utm_medium=post&amp;utm_campaign=sicherheit\" target=\"_blank\" rel=\"noreferrer noopener\"><img decoding=\"async\" src=\"https:\/\/www.reer.de\/thumbnail\/c4\/24\/7c\/1639729404\/20078_Herdschutz_1_1920x1920.jpg\" alt=\"Ein Wickeltisch-W\u00e4rmestrahler von reer\"\/><\/a><\/figure>\n\n\n\n<h2 class=\"wp-block-heading\">Premium XL Herdschutz<\/h2>\n\n\n\n<ul class=\"wp-block-list\" id=\"block-299cb535-dee4-4f1e-ad83-49724cd9220b\"><li>sch\u00fctzt Kinder vor Verbr\u00fchungen und Verbrennungen am Herd<\/li><li>geeignet f\u00fcr Elektro-, Gas- und Induktionsherde<\/li><li>geeignet f\u00fcr Kochfelder mit einer Breite von 57 &#8211; 90 cm<\/li><li>Montage ohne Bohren und Schrauben durch Klebeleisten auf der Arbeitsplatte (r\u00fcckstandslos zu entfernen)<\/li><li>sp\u00fclmaschinengeeignet<\/li><\/ul>\n\n\n\n<div class=\"wp-block-buttons is-layout-flex wp-block-buttons-is-layout-flex\">\n<div class=\"wp-block-button\"><a class=\"wp-block-button__link\" href=\"https:\/\/www.reer.de\/Premium-XL-Herdschutz?utm_source=blog&amp;utm_medium=post&amp;utm_campaign=sicherheit\" target=\"_blank\" rel=\"noreferrer noopener\">Jetzt kaufen<\/a><\/div>\n<\/div>\n<\/div>\n\n\n\n<div class=\"wp-block-column is-layout-flow wp-block-column-is-layout-flow\">\n<figure class=\"wp-block-image size-large\"><a href=\"https:\/\/www.reer.de\/Schrank-und-Schubladensicherung-mit-Montagehilfe?utm_source=blog&amp;utm_medium=post&amp;utm_campaign=sicherheit\" target=\"_blank\" rel=\"noreferrer noopener\"><img decoding=\"async\" src=\"https:\/\/www.reer.de\/thumbnail\/e1\/f9\/13\/1633337601\/71060-collage-00_1920x1920.jpg\" alt=\"Ein Wickeltisch-W\u00e4rmestrahler von reer\"\/><\/a><\/figure>\n\n\n\n<h2 class=\"wp-block-heading\">Schrank- und Schubladensicherung mit Montagehilfe<\/h2>\n\n\n\n<ul class=\"wp-block-list\" id=\"block-299cb535-dee4-4f1e-ad83-49724cd9220b\"><li>doppelter \u00d6ffnungsmechanismus f\u00fcr ein besonders sicheres Verschlie\u00dfen<\/li><li>fester Halt dank Schraubmontage<\/li><li>einfache Befestigung dank patentierter Montagehilfe<\/li><li>getestet gem\u00e4\u00df Norm EN 16948:2017<\/li><li>integrierter Klemmschutz verhindert eingeklemmte Finger<\/li><\/ul>\n\n\n\n<div class=\"wp-block-buttons is-layout-flex wp-block-buttons-is-layout-flex\">\n<div class=\"wp-block-button\"><a class=\"wp-block-button__link\" href=\"https:\/\/www.reer.de\/Schrank-und-Schubladensicherung-mit-Montagehilfe?utm_source=blog&amp;utm_medium=post&amp;utm_campaign=sicherheit\" target=\"_blank\" rel=\"noreferrer noopener\">Jetzt kaufen<\/a><\/div>\n<\/div>\n<\/div>\n\n\n\n<div class=\"wp-block-column is-layout-flow wp-block-column-is-layout-flow\">\n<figure class=\"wp-block-image size-large\"><a href=\"https:\/\/www.reer.de\/2in1-FeelWell-Wickeltisch-Waermestrahler?utm_source=blog&amp;utm_medium=post&amp;utm_campaign=sicherheit\" target=\"_blank\" rel=\"noreferrer noopener\"><img loading=\"lazy\" decoding=\"async\" width=\"1024\" height=\"1024\" src=\"https:\/\/www.reer.de\/blog\/wp-content\/uploads\/2021\/12\/71vfXqJtdkL._SL1500_-1024x1024.jpg\" alt=\"Ein Wickeltisch-W\u00e4rmestrahler von reer\" class=\"wp-image-1086\" srcset=\"https:\/\/www.reer.de\/blog\/wp-content\/uploads\/2021\/12\/71vfXqJtdkL._SL1500_-1024x1024.jpg 1024w, https:\/\/www.reer.de\/blog\/wp-content\/uploads\/2021\/12\/71vfXqJtdkL._SL1500_-300x300.jpg 300w, https:\/\/www.reer.de\/blog\/wp-content\/uploads\/2021\/12\/71vfXqJtdkL._SL1500_-150x150.jpg 150w, https:\/\/www.reer.de\/blog\/wp-content\/uploads\/2021\/12\/71vfXqJtdkL._SL1500_-768x768.jpg 768w, https:\/\/www.reer.de\/blog\/wp-content\/uploads\/2021\/12\/71vfXqJtdkL._SL1500_.jpg 1200w\" sizes=\"auto, (max-width: 1024px) 100vw, 1024px\" \/><\/a><\/figure>\n\n\n\n<h2 class=\"wp-block-heading\">2in1 FeelWell Wickeltisch-W\u00e4rmestrahler<\/h2>\n\n\n\n<ul class=\"wp-block-list\" id=\"block-299cb535-dee4-4f1e-ad83-49724cd9220b\"><li>spendet wohltuende Sofortw\u00e4rme und sch\u00fctzt vor dem Ausk\u00fchlen sowie vor Folgeerkrankungen<\/li><li>2in1 als Wand-oder Standger\u00e4t einsetzbar<\/li><li>Temperaturverteilung nach Medizinproduktstandard (IEC 601-2-21) gepr\u00fcft<\/li><li>zuschaltbare Abschaltautomatik<\/li><li>Zugschalter zum Ausw\u00e4hlen von 2 Heizstufen: 400W \/ 800W (230V)<\/li><\/ul>\n\n\n\n<div class=\"wp-block-buttons is-layout-flex wp-block-buttons-is-layout-flex\">\n<div class=\"wp-block-button\"><a class=\"wp-block-button__link\" href=\"https:\/\/www.reer.de\/2in1-FeelWell-Wickeltisch-Waermestrahler?utm_source=blog&amp;utm_medium=post&amp;utm_campaign=sicherheit\" target=\"_blank\" rel=\"noreferrer noopener\">Jetzt kaufen<\/a><\/div>\n<\/div>\n<\/div>\n<\/div>\n","protected":false},"excerpt":{"rendered":"<p>Es ist oft nur ein kurzer Moment der Unachtsamkeit, eine pl\u00f6tzliche Ablenkung und schon ist es passiert: St\u00fcrze, Verbrennungen und [&hellip;]<\/p>\n","protected":false},"author":1,"featured_media":783,"comment_status":"closed","ping_status":"closed","sticky":false,"template":"","format":"standard","meta":{"footnotes":""},"categories":[6],"tags":[],"class_list":["post-146","post","type-post","status-publish","format-standard","has-post-thumbnail","hentry","category-kindersicherheit"],"_links":{"self":[{"href":"https:\/\/www.reer.de\/blog\/wp-json\/wp\/v2\/posts\/146","targetHints":{"allow":["GET"]}}],"collection":[{"href":"https:\/\/www.reer.de\/blog\/wp-json\/wp\/v2\/posts"}],"about":[{"href":"https:\/\/www.reer.de\/blog\/wp-json\/wp\/v2\/types\/post"}],"author":[{"embeddable":true,"href":"https:\/\/www.reer.de\/blog\/wp-json\/wp\/v2\/users\/1"}],"replies":[{"embeddable":true,"href":"https:\/\/www.reer.de\/blog\/wp-json\/wp\/v2\/comments?post=146"}],"version-history":[{"count":9,"href":"https:\/\/www.reer.de\/blog\/wp-json\/wp\/v2\/posts\/146\/revisions"}],"predecessor-version":[{"id":2265,"href":"https:\/\/www.reer.de\/blog\/wp-json\/wp\/v2\/posts\/146\/revisions\/2265"}],"wp:featuredmedia":[{"embeddable":true,"href":"https:\/\/www.reer.de\/blog\/wp-json\/wp\/v2\/media\/783"}],"wp:attachment":[{"href":"https:\/\/www.reer.de\/blog\/wp-json\/wp\/v2\/media?parent=146"}],"wp:term":[{"taxonomy":"category","embeddable":true,"href":"https:\/\/www.reer.de\/blog\/wp-json\/wp\/v2\/categories?post=146"},{"taxonomy":"post_tag","embeddable":true,"href":"https:\/\/www.reer.de\/blog\/wp-json\/wp\/v2\/tags?post=146"}],"curies":[{"name":"wp","href":"https:\/\/api.w.org\/{rel}","templated":true}]}}