{"id":1139,"date":"2022-05-20T11:44:26","date_gmt":"2022-05-20T09:44:26","guid":{"rendered":"https:\/\/www.reer.de\/blog\/?p=1139"},"modified":"2024-01-24T09:46:35","modified_gmt":"2024-01-24T08:46:35","slug":"warum-du-keinen-terrassen-heizstrahler-aus-dem-baumarkt-fuer-dein-baby-benutzen-sollst","status":"publish","type":"post","link":"https:\/\/www.reer.de\/blog\/warum-du-keinen-terrassen-heizstrahler-aus-dem-baumarkt-fuer-dein-baby-benutzen-sollst","title":{"rendered":"Warum Du keinen Terrassen-Heizstrahler aus dem Baumarkt f\u00fcr Dein Baby benutzen sollst"},"content":{"rendered":"\n<p>Babys und Kleinkinder sind noch nicht in der Lage, die K\u00f6rpertemperatur selbst zu regulieren. Beim Wickeln und nach dem Baden f\u00fchrt dies dazu, dass Dein Baby schnell ausk\u00fchlt und friert. Du merkst, Dein Kind f\u00fchlt sich nicht wohl. Ein W\u00e4rmestrahler geh\u00f6rt deshalb zur Basisausstattung. Wir zeigen Dir heute die Vorteile, die ein Wickeltisch-<strong>W\u00e4rmestrahler <\/strong>gegen\u00fcber einem <strong>Heizstrahler <\/strong>f\u00fcr die Terrasse aus dem Baumarkt hat.<\/p>\n\n\n\n<h2 class=\"wp-block-heading\">Warum ein Heizstrahler keine gute Idee ist<\/h2>\n\n\n\n<p>Vielleicht hast Du schon einen <strong>Heizstrahler <\/strong>aus dem Baumarkt und \u00fcberlegst, ob er f\u00fcr Dein Baby geeignet sein k\u00f6nnte. Generell sind Heizstrahler n\u00fctzliche Ger\u00e4te, wenn man eine schnelle W\u00e4rmequelle braucht. Ein Heizstrahler, den Du in jedem Baumarkt kaufen kannst, ist ideal f\u00fcr kalte Badezimmer. Auch auf der Terrasse oder dem Balkon leistet er gute Dienste. Aber: Konventionelle <strong>Heizstrahler <\/strong>sind sehr leistungsf\u00e4hig. Die W\u00e4rmeentwicklung kann schon bei der ersten Stufe zu hoch f\u00fcr Dein Kind sein. Selbstverst\u00e4ndlich kannst Du einen schon vorhandenen Heizstrahler weiterhin auf der Terrasse verwenden. F\u00fcr Dein Baby ist dagegen ein <strong>W\u00e4rmestrahler<\/strong>, der speziell f\u00fcr Babys entwickelt wurde, wesentlich besser geeignet.<\/p>\n\n\n\n<p>Bei einer zu kalten Raumtemperatur friert Dein Baby. Ist die W\u00e4rmeeinwirkung aber zu gro\u00df, \u00fcberhitzt Dein Kind und es beginnt zu schwitzen. Mit einem Wickeltisch-<strong>W\u00e4rmestrahler <\/strong>kann beides nicht passieren. <strong>W\u00e4rmestrahler <\/strong>von reer sind auf die W\u00e4rmebed\u00fcrfnisse Deines Kindes abgestimmt. Die W\u00e4rme beim Wickeln oder nach dem Baden ist wohltuend, Dein Baby k\u00fchlt nicht aus und darf gern ein wenig ohne Windel auf dem Wickeltisch strampeln.<\/p>\n\n\n\n<figure class=\"wp-block-image size-full\"><a href=\"https:\/\/www.reer.de\/FeelWell-Wickeltisch-Waermestrahler?utm_source=blog&amp;utm_medium=post&amp;utm_campaign=terrassenstrahler\" target=\"_blank\" rel=\"noreferrer noopener\"><img loading=\"lazy\" decoding=\"async\" width=\"1000\" height=\"682\" src=\"https:\/\/www.reer.de\/blog\/wp-content\/uploads\/2022\/05\/1928-wandmontage.jpg\" alt=\"FeelWell Wickeltisch-W\u00e4rmestrahler\n\" class=\"wp-image-1143\" srcset=\"https:\/\/www.reer.de\/blog\/wp-content\/uploads\/2022\/05\/1928-wandmontage.jpg 1000w, https:\/\/www.reer.de\/blog\/wp-content\/uploads\/2022\/05\/1928-wandmontage-300x205.jpg 300w, https:\/\/www.reer.de\/blog\/wp-content\/uploads\/2022\/05\/1928-wandmontage-768x524.jpg 768w\" sizes=\"auto, (max-width: 1000px) 100vw, 1000px\" \/><\/a><\/figure>\n\n\n\n<h2 class=\"wp-block-heading\">Was Du \u00fcber den Zusammenhang von K\u00f6rpertemperatur und Raumtemperatur wissen musst<\/h2>\n\n\n\n<p>Die normale K\u00f6rpertemperatur liegt bei Babys und Erwachsenen zwischen 36,5 und 37,5\u00b0 Celsius. Eine angenehme Raumtemperatur f\u00fcr Neugeborene und kleine Babys betr\u00e4gt etwa 22 bis 24\u00b0 Celsius. Nachts darf die Zimmertemperatur niedriger sein, denn dann sinkt auch die K\u00f6rpertemperatur. Weil S\u00e4uglinge eine relativ gro\u00dfe K\u00f6rperoberfl\u00e4che im Verh\u00e4ltnis zum K\u00f6rpergewicht haben und aus das isolierende Unterhautfettgewebe noch nicht ausreichend vorhanden ist, frieren sie schneller als gr\u00f6\u00dfere Kinder und Erwachsene. Ein unbekleidetes Baby empfindet eine Zimmertemperatur von 23\u00b0 C ungef\u00e4hr so wie ein nicht bekleideter Erwachsener bei 1\u00b0 C. Verdunstendes Wasser auf der Haut nach dem Baden verst\u00e4rkt den Effekt noch. Zudem fehlen die F\u00e4higkeiten, die eine erwachsene Person hat: Wir zittern, wenn wir frieren und erzeugen dadurch W\u00e4rme. Das kann ein Baby noch nicht. Wir drehen die Heizung h\u00f6her, wir ziehen einen dicken Pullover an oder kuscheln uns unter eine warme Wolldecke. Dein Baby braucht dagegen Deine Zuwendung und Unterst\u00fctzung, damit es nicht ausk\u00fchlt und sich erk\u00e4ltet. Ein W\u00e4rmestrahler beim Wickeltisch oder im Badezimmer sorgt f\u00fcr <a href=\"https:\/\/www.reer.de\/blog\/wohlfuehltemperatur\" target=\"_blank\" rel=\"noreferrer noopener\">eine angenehme Wohlf\u00fchltemperatur<\/a>.<\/p>\n\n\n\n<figure class=\"wp-block-image size-large\"><a href=\"https:\/\/www.youtube.com\/watch?v=gU1EDHj_Qwk\" target=\"_blank\" rel=\"noreferrer noopener\"><img loading=\"lazy\" decoding=\"async\" width=\"1024\" height=\"885\" src=\"https:\/\/www.reer.de\/blog\/wp-content\/uploads\/2021\/10\/bild-2-54-1024x885.jpg\" alt=\"Die Wohlf\u00fchltemperatur und der Temperaturverlauf mit sowie ohne Wickeltisch-W\u00e4rmestrahler\" class=\"wp-image-799\" srcset=\"https:\/\/www.reer.de\/blog\/wp-content\/uploads\/2021\/10\/bild-2-54-1024x885.jpg 1024w, https:\/\/www.reer.de\/blog\/wp-content\/uploads\/2021\/10\/bild-2-54-300x259.jpg 300w, https:\/\/www.reer.de\/blog\/wp-content\/uploads\/2021\/10\/bild-2-54-768x663.jpg 768w, https:\/\/www.reer.de\/blog\/wp-content\/uploads\/2021\/10\/bild-2-54-1536x1327.jpg 1536w, https:\/\/www.reer.de\/blog\/wp-content\/uploads\/2021\/10\/bild-2-54-2048x1769.jpg 2048w\" sizes=\"auto, (max-width: 1024px) 100vw, 1024px\" \/><\/a><\/figure>\n\n\n\n<h2 class=\"wp-block-heading\">Diese Vorteile bietet ein W\u00e4rmestrahler im Gegensatz zu einem Heizstrahler<\/h2>\n\n\n\n<p>Das Unternehmen reer entwickelt und produziert seit rund 100 Jahren Produkte f\u00fcr die Sicherheit und das Wohlbefinden von Babys und Kleinkindern. Die modernen <strong>W\u00e4rmestrahler <\/strong>unterscheiden sich in wesentlichen Punkten von einem konventionellen <strong>Heizstrahler <\/strong>aus dem Baumarkt, der zum Beispiel auf der Terrasse sinnvoll ist.<\/p>\n\n\n\n<p>Die W\u00e4rmestufen bei dem Wickeltisch-<strong>W\u00e4rmestrahler <\/strong>sind kindgerecht. Beim FeelWell-W\u00e4rmestrahler kannst Du mit einem Zugschalter zwischen zwei Heizstufen w\u00e4hlen (400W und 800W). Die W\u00e4rme entsteht sofort. Die Technologie ist so durchdacht, dass die Temperatur nicht zu hoch wird, sondern exakt auf Babys abgestimmt ist. Zudem verteilt sich die W\u00e4rme gut. Diese sogenannte Temperaturverteilung ist nach Medizinproduktstandard (IEC 601-2-21) gepr\u00fcft. Die anderen Modelle bieten ebenfalls eine gute Temperaturverteilung. Dein Baby kann vergn\u00fcgt auf dem Wickeltisch strampeln, <a href=\"https:\/\/www.reer.de\/blog\/erkaeltung-vorbeugen-bei-babys-und-kleinkindern\" target=\"_blank\" rel=\"noreferrer noopener\">ohne dass es ausk\u00fchlt<\/a>. Auch <a href=\"https:\/\/www.reer.de\/blog\/babys-baden\" data-type=\"URL\" data-id=\"https:\/\/www.reer.de\/blog\/babys-baden\" target=\"_blank\" rel=\"noreferrer noopener\">nach dem Baden<\/a> ist der W\u00e4rmestrahler eine wertvolle Unterst\u00fctzung. Du kannst Deinen kleinen Liebling in Ruhe abtrocknen, wickeln und anziehen.<\/p>\n\n\n\n<p>Hebammen empfehlen den W\u00e4rmestrahler, der erfolgreich vor dem Ausk\u00fchlen und eventuellen Folgen, etwa einer Erk\u00e4ltung, sch\u00fctzt <a href=\"https:\/\/www.reer.de\/hebamme\" data-type=\"URL\" data-id=\"https:\/\/www.reer.de\/hebamme\" target=\"_blank\" rel=\"noreferrer noopener\">(reer.de\/hebamme)<\/a>. Mindestens ebenso wichtig ist die angenehme W\u00e4rme, damit Dein Baby Vorg\u00e4nge wie Wickeln, Baden und Anziehen von Anfang an positiv empfindet.<\/p>\n\n\n\n<figure class=\"wp-block-image size-full\"><a href=\"https:\/\/www.reer.de\/2in1-FeelWell-Wickeltisch-Waermestrahler?utm_source=blog&amp;utm_medium=post&amp;utm_campaign=terrassenstrahler\" target=\"_blank\" rel=\"noreferrer noopener\"><img loading=\"lazy\" decoding=\"async\" width=\"1000\" height=\"1000\" src=\"https:\/\/www.reer.de\/blog\/wp-content\/uploads\/2022\/05\/1928_feelwell_wickeltisch-waermestrahler_anwendung_03_300dpi.jpg\" alt=\"2in1 FeelWell Wickeltisch-W\u00e4rmestrahler\n\" class=\"wp-image-1145\" srcset=\"https:\/\/www.reer.de\/blog\/wp-content\/uploads\/2022\/05\/1928_feelwell_wickeltisch-waermestrahler_anwendung_03_300dpi.jpg 1000w, https:\/\/www.reer.de\/blog\/wp-content\/uploads\/2022\/05\/1928_feelwell_wickeltisch-waermestrahler_anwendung_03_300dpi-300x300.jpg 300w, https:\/\/www.reer.de\/blog\/wp-content\/uploads\/2022\/05\/1928_feelwell_wickeltisch-waermestrahler_anwendung_03_300dpi-150x150.jpg 150w, https:\/\/www.reer.de\/blog\/wp-content\/uploads\/2022\/05\/1928_feelwell_wickeltisch-waermestrahler_anwendung_03_300dpi-768x768.jpg 768w\" sizes=\"auto, (max-width: 1000px) 100vw, 1000px\" \/><\/a><\/figure>\n\n\n\n<h2 class=\"wp-block-heading\">Beste Qualit\u00e4t und hohe Sicherheit f\u00fcr unsere W\u00e4rmestrahler<\/h2>\n\n\n\n<p>Unsere Strahler f\u00fcr den Wickeltisch und das Badezimmer sind sorgf\u00e4ltig verarbeitet. Wir achten auf die Sicherheit: Die Abschalt-Auutomatik sorgt daf\u00fcr, dass sich das Ger\u00e4t nach zehn Minuten von selbst abschaltet. Die Heizr\u00f6hren sind mit einem Splitterschutz ausgestattet. Das hei\u00dft, die R\u00f6hren sind mit einem Metallnetz umwickelt. Sollte wider Erwarten die R\u00f6hre einen Schaden haben, kann nichts passieren. Die Standmodelle haben eine Kipp-Abschaltung. Das Ger\u00e4t schaltet sich automatisch ab, wenn jemand dagegen st\u00f6\u00dft und es umf\u00e4llt.<\/p>\n\n\n\n<p>\u00dcbrigens: Alle Wickeltisch-Strahler von reer sind langlebig. Ein Strahler ist jahrelang im Einsatz, denn eine angenehme Umgebung ist nach dem Baden auch nach der Wickelphase eine feine Sache! Sollte nach einer langen Nutzungszeit einmal eine R\u00f6hre im Strahler versagen, bekommst Du bei reer selbstverst\u00e4ndlich <a href=\"https:\/\/www.reer.de\/Produkte\/Ersatzteile\/\" data-type=\"URL\" data-id=\"https:\/\/www.reer.de\/Produkte\/Ersatzteile\/\" target=\"_blank\" rel=\"noreferrer noopener\">Ersatzr\u00f6hren f\u00fcr Deinen W\u00e4rmestrahler von reer<\/a>. Damit funktioniert der W\u00e4rmestrahler wieder einwandfrei!<\/p>\n\n\n\n<p>Selbstverst\u00e4ndlich kannst Du den Strahler auch bei anderen Gelegenheiten nutzen. Nach dem Spaziergang mit Deinem Baby, wenn es drau\u00dfen recht kalt war, sind einige Minuten unter dem Strahler richtig angenehm. Ein Standmodell sorgt f\u00fcr wohlige W\u00e4rme, wenn Du mit Deinem Kind auf der Couch kuschelst. Bestimmt fallen Dir noch weitere Situationen ein, in denen Du Dich \u00fcber den W\u00e4rmestrahler freust! Alternativ kannst Du hier mit einem Heizl\u00fcfter Abhilfe schaffen. Erfahre hier mehr <a href=\"https:\/\/www.reer.de\/blog\/heizstrahler-oder-heizluefter-am-wickeltisch\" target=\"_blank\" rel=\"noreferrer noopener\">\u00fcber die unterschiedlichen Einsatzgebiete<\/a>.<\/p>\n\n\n\n<div class=\"wp-block-columns has-cyan-bluish-gray-background-color has-background is-layout-flex wp-container-core-columns-is-layout-9d6595d7 wp-block-columns-is-layout-flex\">\n<div class=\"wp-block-column is-layout-flow wp-block-column-is-layout-flow\">\n<figure class=\"wp-block-image size-large\"><a href=\"https:\/\/www.reer.de\/2in1-FeelWell-Wickeltisch-Waermestrahler?utm_source=blog&amp;utm_medium=post&amp;utm_campaign=feelwell-flex\"><img loading=\"lazy\" decoding=\"async\" width=\"1024\" height=\"1024\" src=\"https:\/\/www.reer.de\/blog\/wp-content\/uploads\/2021\/12\/71vfXqJtdkL._SL1500_-1024x1024.jpg\" alt=\"Ein Wickeltisch-W\u00e4rmestrahler von reer\" class=\"wp-image-1086\" srcset=\"https:\/\/www.reer.de\/blog\/wp-content\/uploads\/2021\/12\/71vfXqJtdkL._SL1500_-1024x1024.jpg 1024w, https:\/\/www.reer.de\/blog\/wp-content\/uploads\/2021\/12\/71vfXqJtdkL._SL1500_-300x300.jpg 300w, https:\/\/www.reer.de\/blog\/wp-content\/uploads\/2021\/12\/71vfXqJtdkL._SL1500_-150x150.jpg 150w, https:\/\/www.reer.de\/blog\/wp-content\/uploads\/2021\/12\/71vfXqJtdkL._SL1500_-768x768.jpg 768w, https:\/\/www.reer.de\/blog\/wp-content\/uploads\/2021\/12\/71vfXqJtdkL._SL1500_.jpg 1200w\" sizes=\"auto, (max-width: 1024px) 100vw, 1024px\" \/><\/a><\/figure>\n\n\n\n<h2 class=\"wp-block-heading\">FeelWell Flex Wickeltisch-W\u00e4rmestrahler<\/h2>\n\n\n\n<ul class=\"wp-block-list\" id=\"block-299cb535-dee4-4f1e-ad83-49724cd9220b\">\n<li>2 W\u00e4rmestufen (400 \/ 800 Watt)<\/li>\n\n\n\n<li>Mit Standfu\u00df und zur Wandmontage<\/li>\n\n\n\n<li>gepr\u00fcft kindersicher: Kipp-Abschaltung, Abschaltautomatik und 2 babygerechte W\u00e4rmestufen<\/li>\n<\/ul>\n\n\n\n<div class=\"wp-block-buttons is-layout-flex wp-block-buttons-is-layout-flex\">\n<div class=\"wp-block-button\"><a class=\"wp-block-button__link wp-element-button\" href=\"https:\/\/www.reer.de\/2in1-FeelWell-Wickeltisch-Waermestrahler?utm_source=blog&amp;utm_medium=post&amp;utm_campaign=terrassenstrahler\">Jetzt kaufen<\/a><\/div>\n<\/div>\n<\/div>\n\n\n\n<div class=\"wp-block-column is-layout-flow wp-block-column-is-layout-flow\">\n<figure class=\"wp-block-image size-large\"><img loading=\"lazy\" decoding=\"async\" width=\"1024\" height=\"1024\" src=\"https:\/\/www.reer.de\/blog\/wp-content\/uploads\/2022\/05\/Collage2-1024x1024.jpg\" alt=\"\" class=\"wp-image-1140\" srcset=\"https:\/\/www.reer.de\/blog\/wp-content\/uploads\/2022\/05\/Collage2-1024x1024.jpg 1024w, https:\/\/www.reer.de\/blog\/wp-content\/uploads\/2022\/05\/Collage2-300x300.jpg 300w, https:\/\/www.reer.de\/blog\/wp-content\/uploads\/2022\/05\/Collage2-150x150.jpg 150w, https:\/\/www.reer.de\/blog\/wp-content\/uploads\/2022\/05\/Collage2-768x768.jpg 768w, https:\/\/www.reer.de\/blog\/wp-content\/uploads\/2022\/05\/Collage2.jpg 1501w\" sizes=\"auto, (max-width: 1024px) 100vw, 1024px\" \/><\/figure>\n\n\n\n<h2 class=\"wp-block-heading\">FeelWell Wickeltisch-W\u00e4rmestrahler<\/h2>\n\n\n\n<ul class=\"wp-block-list\" id=\"block-299cb535-dee4-4f1e-ad83-49724cd9220b\">\n<li>2 W\u00e4rmestufen (400 \/ 800 Watt)<\/li>\n\n\n\n<li>zur Wandmontage<\/li>\n\n\n\n<li><span style=\"color: initial;\">gepr\u00fcft kindersicher: Kipp-Abschaltung, Abschaltautomatik und 2 babygerechte W\u00e4rmestufen<\/span><\/li>\n<\/ul>\n\n\n\n<div class=\"wp-block-buttons is-layout-flex wp-block-buttons-is-layout-flex\">\n<div class=\"wp-block-button\"><a class=\"wp-block-button__link wp-element-button\" href=\"https:\/\/www.reer.de\/FeelWell-Wickeltisch-Waermestrahler?utm_source=blog&amp;utm_medium=post&amp;utm_campaign=terrassenstrahler\">Jetzt kaufen<\/a><\/div>\n<\/div>\n<\/div>\n\n\n\n<div class=\"wp-block-column is-layout-flow wp-block-column-is-layout-flow\">\n<figure class=\"wp-block-image size-full\"><img loading=\"lazy\" decoding=\"async\" width=\"500\" height=\"500\" src=\"https:\/\/www.reer.de\/blog\/wp-content\/uploads\/2023\/02\/19340-Blog-Bild.jpg\" alt=\"\" class=\"wp-image-2324\" srcset=\"https:\/\/www.reer.de\/blog\/wp-content\/uploads\/2023\/02\/19340-Blog-Bild.jpg 500w, https:\/\/www.reer.de\/blog\/wp-content\/uploads\/2023\/02\/19340-Blog-Bild-300x300.jpg 300w, https:\/\/www.reer.de\/blog\/wp-content\/uploads\/2023\/02\/19340-Blog-Bild-150x150.jpg 150w\" sizes=\"auto, (max-width: 500px) 100vw, 500px\" \/><\/figure>\n\n\n\n<h2 class=\"wp-block-heading\">Die ideale Erg\u00e4nzung: Ein Heizl\u00fcfter<\/h2>\n\n\n\n<ul class=\"wp-block-list\" id=\"block-299cb535-dee4-4f1e-ad83-49724cd9220b\">\n<li>angenehme W\u00e4rme beim Freistrampeln, vor oder nach dem Baden, in der Spielecke<\/li>\n\n\n\n<li>Hochwertiges Keramik-Heizelement<\/li>\n\n\n\n<li>gepr\u00fcft kindersicher: Kipp-Abschaltung, \u00dcberhitzungsschutz<\/li>\n<\/ul>\n\n\n\n<div class=\"wp-block-buttons is-layout-flex wp-block-buttons-is-layout-flex\">\n<div class=\"wp-block-button\"><a class=\"wp-block-button__link wp-element-button\" href=\"https:\/\/www.reer.de\/3in1-FeelWell-Air-Heizluefter?utm_source=blog&amp;utm_medium=post&amp;utm_campaign=terrassenstrahler\">Jetzt kaufen<\/a><\/div>\n<\/div>\n<\/div>\n<\/div>\n","protected":false},"excerpt":{"rendered":"<p>Babys und Kleinkinder sind noch nicht in der Lage, die K\u00f6rpertemperatur selbst zu regulieren. Beim Wickeln und nach dem Baden [&hellip;]<\/p>\n","protected":false},"author":1,"featured_media":1181,"comment_status":"open","ping_status":"open","sticky":false,"template":"","format":"standard","meta":{"footnotes":""},"categories":[6],"tags":[],"class_list":["post-1139","post","type-post","status-publish","format-standard","has-post-thumbnail","hentry","category-kindersicherheit"],"_links":{"self":[{"href":"https:\/\/www.reer.de\/blog\/wp-json\/wp\/v2\/posts\/1139","targetHints":{"allow":["GET"]}}],"collection":[{"href":"https:\/\/www.reer.de\/blog\/wp-json\/wp\/v2\/posts"}],"about":[{"href":"https:\/\/www.reer.de\/blog\/wp-json\/wp\/v2\/types\/post"}],"author":[{"embeddable":true,"href":"https:\/\/www.reer.de\/blog\/wp-json\/wp\/v2\/users\/1"}],"replies":[{"embeddable":true,"href":"https:\/\/www.reer.de\/blog\/wp-json\/wp\/v2\/comments?post=1139"}],"version-history":[{"count":9,"href":"https:\/\/www.reer.de\/blog\/wp-json\/wp\/v2\/posts\/1139\/revisions"}],"predecessor-version":[{"id":3206,"href":"https:\/\/www.reer.de\/blog\/wp-json\/wp\/v2\/posts\/1139\/revisions\/3206"}],"wp:featuredmedia":[{"embeddable":true,"href":"https:\/\/www.reer.de\/blog\/wp-json\/wp\/v2\/media\/1181"}],"wp:attachment":[{"href":"https:\/\/www.reer.de\/blog\/wp-json\/wp\/v2\/media?parent=1139"}],"wp:term":[{"taxonomy":"category","embeddable":true,"href":"https:\/\/www.reer.de\/blog\/wp-json\/wp\/v2\/categories?post=1139"},{"taxonomy":"post_tag","embeddable":true,"href":"https:\/\/www.reer.de\/blog\/wp-json\/wp\/v2\/tags?post=1139"}],"curies":[{"name":"wp","href":"https:\/\/api.w.org\/{rel}","templated":true}]}}