{"id":1082,"date":"2021-12-17T12:51:45","date_gmt":"2021-12-17T11:51:45","guid":{"rendered":"https:\/\/www.reer.de\/blog\/?p=1082"},"modified":"2025-03-25T07:13:01","modified_gmt":"2025-03-25T06:13:01","slug":"heizstrahler-oder-heizluefter-am-wickeltisch","status":"publish","type":"post","link":"https:\/\/www.reer.de\/blog\/heizstrahler-oder-heizluefter-am-wickeltisch","title":{"rendered":"Heizstrahler oder Heizl\u00fcfter am Wickeltisch \u2013 was ist besser?"},"content":{"rendered":"\n<p>Uns erreichen immer wieder Anfragen von Eltern, die wissen m\u00f6chten, ob sie einen Wickeltisch-W\u00e4rmestrahler ben\u00f6tigen oder ob ein kleiner Heizl\u00fcfter auf dem Wickeltisch ausreicht. Aus Gr\u00fcnden der Kindersicherheit ist die Antwort klar \u2013 und es gibt dennoch gute Gr\u00fcnde, beide Ger\u00e4te zu nutzen.<\/p>\n\n\n\n<h2 class=\"wp-block-heading\">Heizl\u00fcfter und Heizstrahler \u2013 was geh\u00f6rt an den Wickeltisch?<\/h2>\n\n\n\n<p>Ein Heizl\u00fcfter erw\u00e4rmt Luft. Er enth\u00e4lt ein Heizelement, an dem per Ventilator Luft vorbeigef\u00fchrt wird. Die erw\u00e4rmte Luft wird in den Raum gepustet und w\u00e4rmt langsam den gesamten Raum. Ein Wickeltisch-W\u00e4rmestrahler w\u00e4rmt sofort und punktuell Oberfl\u00e4chen: Wenn Dein Baby auf dem Wickeltisch liegt, wird die Haut mit wohltuender Sofort-W\u00e4rme versorgt, genau dort wo Du sie brauchst und nur dort, wo Du sie brauchst.<\/p>\n\n\n\n<p>Nur der Wickeltisch-W\u00e4rmestrahler liefert also sofort ein W\u00e4rmegef\u00fchl und verhindert den <a href=\"https:\/\/www.reer.de\/blog\/babys-baden\" data-type=\"post\" data-id=\"265\">Temperatursturz nach dem Baden<\/a> oder lautes Geschrei beim Wickeln. Er spendet W\u00e4rme und Behaglichkeit und hilft <a href=\"https:\/\/www.reer.de\/blog\/erkaeltung-vorbeugen-bei-babys-und-kleinkindern\" data-type=\"post\" data-id=\"263\">Erk\u00e4ltungen vorzubeugen<\/a>. Au\u00dferdem l\u00e4sst er sich mit genau dem richtigen Abstand zu Deinem Baby montieren, dass es kuschelig warm wird, ohne zu hei\u00df oder kalt zu sein (<a href=\"https:\/\/www.reer.de\/blog\/warum-du-keinen-terrassen-heizstrahler-aus-dem-baumarkt-fur-dein-baby-benutzen-sollst\">im Unterschied zu Terrassen-Heizstrahlern<\/a>) \u2013 und ohne, dass Du ins Schwitzen kommst.<\/p>\n\n\n\n<figure class=\"wp-block-image size-full\"><a href=\"https:\/\/www.youtube.com\/watch?v=gU1EDHj_Qwk\" target=\"_blank\" rel=\"noreferrer noopener\"><img loading=\"lazy\" decoding=\"async\" width=\"1000\" height=\"1000\" src=\"https:\/\/www.reer.de\/blog\/wp-content\/uploads\/2021\/12\/wws.jpg\" alt=\"Infografik \u00fcber den Temperatursturz, die Temperaturdifferenz, die Babys nach dem Baden zum Weinen bringt\" class=\"wp-image-1084\" srcset=\"https:\/\/www.reer.de\/blog\/wp-content\/uploads\/2021\/12\/wws.jpg 1000w, https:\/\/www.reer.de\/blog\/wp-content\/uploads\/2021\/12\/wws-300x300.jpg 300w, https:\/\/www.reer.de\/blog\/wp-content\/uploads\/2021\/12\/wws-150x150.jpg 150w, https:\/\/www.reer.de\/blog\/wp-content\/uploads\/2021\/12\/wws-768x768.jpg 768w\" sizes=\"auto, (max-width: 1000px) 100vw, 1000px\" \/><\/a><\/figure>\n\n\n\n<h2 class=\"wp-block-heading\">Wof\u00fcr braucht mein Baby einen Heizl\u00fcfter?<\/h2>\n\n\n\n<p>Babys haben es gern kuschelig warm, w\u00e4hrend wir Erwachsene gut geheizte R\u00e4ume oft stickig finden. Ein Dilemma, in dem viele Eltern stecken. Also packst Du Dein Baby im Zweifel dick ein, dabei f\u00fchlt es sich unbekleidet viel wohler.<\/p>\n\n\n\n<p>Spielen und Strampeln gehen umso besser, je weniger Stoff Dein Baby am Leib hat. Denn jede Lage Stoff schr\u00e4nkt die Bewegungsfreiheit ein klein wenig ein und behindert Dein Baby, wenn es sich austoben und ausprobieren m\u00f6chte. Dabei ist jede Bewegung potenziell eine spannende neue Erfahrung.<\/p>\n\n\n\n<p>Mit einem Heizl\u00fcfter kannst Du daf\u00fcr sorgen, dass es in Babys Spielecke kuschelig warm ist, ohne den ganzen Raum aufheizen zu m\u00fcssen. Auch zur Vorbereitung des Badezimmers ist ein Heizl\u00fcfter praktisch. Statt Stunden vorher die Heizung hochzudrehen, kannst Du einfach den Heizl\u00fcfter vor dem Baden laufen lassen, um die Temperatur kurzfristig auch f\u00fcr Dein Baby angenehm zu machen.<\/p>\n\n\n\n<figure class=\"wp-block-embed is-type-video is-provider-youtube wp-block-embed-youtube wp-embed-aspect-16-9 wp-has-aspect-ratio\"><div class=\"wp-block-embed__wrapper\">\n<iframe loading=\"lazy\" title=\"reer FeelWell W\u00e4rmestrahler (Art.Nr.: 1926 &amp; 1928)\" width=\"709\" height=\"399\" src=\"https:\/\/www.youtube.com\/embed\/7fxY3HvdBNA?feature=oembed\" frameborder=\"0\" allow=\"accelerometer; autoplay; clipboard-write; encrypted-media; gyroscope; picture-in-picture; web-share\" referrerpolicy=\"strict-origin-when-cross-origin\" allowfullscreen><\/iframe>\n<\/div><\/figure>\n\n\n\n<p>Doch ein Heizl\u00fcfter aus dem Baumarkt ist \u00fcberdimensioniert und Du m\u00f6chtest Dein Kind in seiner N\u00e4he nicht spielen lassen, weil er viel zu hei\u00df wird. <a href=\"https:\/\/www.reer.de\/blog\/wohlfuehltemperatur\" data-type=\"post\" data-id=\"155\">Babys k\u00f6nnen ihre K\u00f6rpertemperatur noch nicht so gut selbst regulieren<\/a> wie Erwachsene. Ist es kalt, frieren sie schneller. Sind sie in der N\u00e4he einer starken W\u00e4rmequelle droht schnell ein Hitzschlag.<\/p>\n\n\n\n<figure class=\"wp-block-image size-full\"><img loading=\"lazy\" decoding=\"async\" width=\"1000\" height=\"1000\" src=\"https:\/\/www.reer.de\/blog\/wp-content\/uploads\/2021\/12\/Infografik_Haut.jpg\" alt=\"Infografik \u00fcber die Unterschiede der Haut von Babys und Erwachsenen\" class=\"wp-image-1083\" srcset=\"https:\/\/www.reer.de\/blog\/wp-content\/uploads\/2021\/12\/Infografik_Haut.jpg 1000w, https:\/\/www.reer.de\/blog\/wp-content\/uploads\/2021\/12\/Infografik_Haut-300x300.jpg 300w, https:\/\/www.reer.de\/blog\/wp-content\/uploads\/2021\/12\/Infografik_Haut-150x150.jpg 150w, https:\/\/www.reer.de\/blog\/wp-content\/uploads\/2021\/12\/Infografik_Haut-768x768.jpg 768w\" sizes=\"auto, (max-width: 1000px) 100vw, 1000px\" \/><\/figure>\n\n\n\n<h2 class=\"wp-block-heading\">Ein Heizl\u00fcfter speziell f\u00fcr Baby-Bed\u00fcrfnisse<\/h2>\n\n\n\n<p>Als Spezialisten f\u00fcr Babys und ihr W\u00e4rmebed\u00fcrfnis haben wir uns immer wieder mit der Frage besch\u00e4ftigt, ob ein Heizl\u00fcfter f\u00fcr Babys doch sinnvoll sein k\u00f6nnte. Deshalb haben wir uns viele Gedanken gemacht, wie wir einen Heizl\u00fcfter mit seinen zahlreichen Warnhinweisen einfach in der Anwendung und kindersicher zugleich zu machen.<\/p>\n\n\n<p>Der FeelWell Air ist deshalb von Hebammen empfohlen <a href=\"https:\/\/www.reer.de\/hebamme\" target=\"_blank\" rel=\"noreferrer noopener\" data-type=\"URL\" data-id=\"https:\/\/www.reer.de\/hebamme\">(reer.de\/hebamme)<\/a>.<\/p>\n<p><!-- \/wp:post-content --><\/p>\n<p><!-- wp:heading --><\/p>\n<h2>Ein Heizl\u00fcfter hat auf dem Wickeltisch nichts verloren<\/h2>\n<p><!-- \/wp:heading --><\/p>\n<p><!-- wp:paragraph --><\/p>\n<p>Gegen einen Heizl\u00fcfter auf dem Wickeltisch sprechen auch andere Bedenken. Auf dem Wickeltisch ist meistens kaum genug Platz f\u00fcr alle Utensilien, die Du so zum Wickeln brauchst. Wie soll dort noch ein Heizl\u00fcfter drauf passen und sicheren Stand haben: Wie oft durftest Du schon die Box mit den Feuchtt\u00fcchern nach dem Wickeln vom Boden aufheben, weil Dein Baby ihr einen Schubs gegeben hat? Einem Heizl\u00fcfter, selbst einem kindersicheren wie dem aus dem Hause reer, sollte man keinen Sturz vom Wickeltisch zumuten.<\/p>\n<p><!-- \/wp:paragraph --><\/p>\n<p><!-- wp:paragraph --><\/p>\n<p>Deshalb: Heizl\u00fcfter oder Heizstrahler? Wir empfehlen Dir beides. Den Heizstrahler f\u00fcr den Wickeltisch, den Heizl\u00fcfter f\u00fcrs Spielen und Strampeln!<\/p>\n<p><!-- wp:heading --><\/p>\n<h2>Empfehlungen f\u00fcr Dich<\/h2>\n<p><!-- wp:columns {\"backgroundColor\":\"cyan-bluish-gray\"} --><\/p>\n<div class=\"wp-block-columns has-cyan-bluish-gray-background-color has-background\"><!-- wp:column --><\/p>\n<div class=\"wp-block-column\"><!-- wp:image {\"id\":1086,\"sizeSlug\":\"large\",\"linkDestination\":\"custom\"} --><\/p>\n<figure class=\"wp-block-image size-large\"><a href=\"https:\/\/www.reer.de\/2in1-FeelWell-Wickeltisch-Waermestrahler?utm_source=blog&amp;utm_medium=post&amp;utm_campaign=feelwell-flex\"><img loading=\"lazy\" decoding=\"async\" width=\"1024\" height=\"1024\" class=\"wp-image-1086\" src=\"https:\/\/www.reer.de\/blog\/wp-content\/uploads\/2021\/12\/71vfXqJtdkL._SL1500_-1024x1024.jpg\" alt=\"Ein Wickeltisch-W\u00e4rmestrahler von reer\" srcset=\"https:\/\/www.reer.de\/blog\/wp-content\/uploads\/2021\/12\/71vfXqJtdkL._SL1500_-1024x1024.jpg 1024w, https:\/\/www.reer.de\/blog\/wp-content\/uploads\/2021\/12\/71vfXqJtdkL._SL1500_-300x300.jpg 300w, https:\/\/www.reer.de\/blog\/wp-content\/uploads\/2021\/12\/71vfXqJtdkL._SL1500_-150x150.jpg 150w, https:\/\/www.reer.de\/blog\/wp-content\/uploads\/2021\/12\/71vfXqJtdkL._SL1500_-768x768.jpg 768w, https:\/\/www.reer.de\/blog\/wp-content\/uploads\/2021\/12\/71vfXqJtdkL._SL1500_.jpg 1200w\" sizes=\"auto, (max-width: 1024px) 100vw, 1024px\" \/><\/a><\/figure>\n<p><!-- \/wp:image --> <!-- wp:heading --><\/p>\n<h2>FeelWell Flex Wickeltisch-W\u00e4rmestrahler<\/h2>\n<p><!-- \/wp:heading --> <!-- wp:list --><\/p>\n<ul id=\"block-299cb535-dee4-4f1e-ad83-49724cd9220b\">\n<li>2 W\u00e4rmestufen (400 \/ 800 Watt)<\/li>\n<li>Mit Standfu\u00df und zur Wandmontage<\/li>\n<li>gepr\u00fcft kindersicher: Kipp-Abschaltung, Abschaltautomatik und 2 babygerechte W\u00e4rmestufen<\/li>\n<\/ul>\n<p><!-- \/wp:list --> <!-- wp:buttons --><\/p>\n<div class=\"wp-block-buttons\"><!-- wp:button --><\/p>\n<div class=\"wp-block-button\"><a class=\"wp-block-button__link\" href=\"https:\/\/www.reer.de\/2in1-FeelWell-Wickeltisch-Waermestrahler?utm_source=blog&amp;utm_medium=post&amp;utm_campaign=am-wickeltisch\">Jetzt kaufen<\/a><\/div>\n<p><!-- \/wp:button --><\/p>\n<\/div>\n<p><!-- \/wp:buttons --><\/p>\n<\/div>\n<p><!-- \/wp:column --> <!-- wp:column --><\/p>\n<div class=\"wp-block-column\"><!-- wp:image {\"id\":1140,\"sizeSlug\":\"large\",\"linkDestination\":\"custom\"} --><\/p>\n<figure class=\"wp-block-image size-large\"><img loading=\"lazy\" decoding=\"async\" width=\"1024\" height=\"1024\" class=\"wp-image-1140\" src=\"https:\/\/www.reer.de\/blog\/wp-content\/uploads\/2022\/05\/Collage2-1024x1024.jpg\" alt=\"\" srcset=\"https:\/\/www.reer.de\/blog\/wp-content\/uploads\/2022\/05\/Collage2-1024x1024.jpg 1024w, https:\/\/www.reer.de\/blog\/wp-content\/uploads\/2022\/05\/Collage2-300x300.jpg 300w, https:\/\/www.reer.de\/blog\/wp-content\/uploads\/2022\/05\/Collage2-150x150.jpg 150w, https:\/\/www.reer.de\/blog\/wp-content\/uploads\/2022\/05\/Collage2-768x768.jpg 768w, https:\/\/www.reer.de\/blog\/wp-content\/uploads\/2022\/05\/Collage2.jpg 1501w\" sizes=\"auto, (max-width: 1024px) 100vw, 1024px\" \/><\/figure>\n<p><!-- \/wp:image --> <!-- wp:heading --><\/p>\n<h2>FeelWell Wickeltisch-W\u00e4rmestrahler<\/h2>\n<p><!-- \/wp:heading --> <!-- wp:list --><\/p>\n<ul id=\"block-299cb535-dee4-4f1e-ad83-49724cd9220b\">\n<li>2 W\u00e4rmestufen (400 \/ 800 Watt)<\/li>\n<li>zur Wandmontage<\/li>\n<li>gepr\u00fcft kindersicher: Kipp-Abschaltung, Abschaltautomatik und 2 babygerechte W\u00e4rmestufen<\/li>\n<\/ul>\n<p><!-- \/wp:list --> <!-- wp:buttons --><\/p>\n<div class=\"wp-block-buttons\"><!-- wp:button --><\/p>\n<div class=\"wp-block-button\"><a class=\"wp-block-button__link\" href=\"https:\/\/www.reer.de\/FeelWell-Wickeltisch-Waermestrahler?utm_source=blog&amp;utm_medium=post&amp;utm_campaign=am-wickeltisch\">Jetzt kaufen<\/a><\/div>\n<p><!-- \/wp:button --><\/p>\n<\/div>\n<p><!-- \/wp:buttons --><\/p>\n<\/div>\n<p><!-- \/wp:column --> <!-- wp:column --><\/p>\n<div class=\"wp-block-column\"><!-- wp:image {\"id\":1041,\"sizeSlug\":\"full\",\"linkDestination\":\"custom\"} --><\/p>\n<figure class=\"wp-block-image size-full\"><img loading=\"lazy\" decoding=\"async\" class=\"alignnone size-medium wp-image-2324\" src=\"https:\/\/www.reer.de\/blog\/wp-content\/uploads\/2023\/02\/19340-Blog-Bild-300x300.jpg\" alt=\"\" width=\"300\" height=\"300\" srcset=\"https:\/\/www.reer.de\/blog\/wp-content\/uploads\/2023\/02\/19340-Blog-Bild-300x300.jpg 300w, https:\/\/www.reer.de\/blog\/wp-content\/uploads\/2023\/02\/19340-Blog-Bild-150x150.jpg 150w, https:\/\/www.reer.de\/blog\/wp-content\/uploads\/2023\/02\/19340-Blog-Bild.jpg 500w\" sizes=\"auto, (max-width: 300px) 100vw, 300px\" \/><\/figure>\n<p><!-- \/wp:image --> <!-- wp:heading --><\/p>\n<h2>Die ideale Erg\u00e4nzung: Ein Heizl\u00fcfter<\/h2>\n<p><!-- \/wp:heading --> <!-- wp:list --><\/p>\n<ul id=\"block-299cb535-dee4-4f1e-ad83-49724cd9220b\">\n<li>angenehme W\u00e4rme beim Freistrampeln, vor oder nach dem Baden, in der Spielecke<\/li>\n<li>Hochwertiges Keramik-Heizelement<\/li>\n<li>gepr\u00fcft kindersicher: Kipp-Abschaltung, \u00dcberhitzungsschutz<\/li>\n<\/ul>\n<p><!-- \/wp:list --> <!-- wp:buttons --><\/p>\n<div class=\"wp-block-buttons\"><!-- wp:button --><\/p>\n<div class=\"wp-block-button\"><a class=\"wp-block-button__link\" href=\"https:\/\/www.reer.de\/3in1-FeelWell-Air-Heizluefter?utm_source=blog&amp;utm_medium=post&amp;utm_campaign=am-wickeltisch\">Jetzt kaufen<\/a><\/div>\n<p><!-- \/wp:button --><\/p>\n<\/div>\n<p><!-- \/wp:buttons --><\/p>\n<\/div>\n<p><!-- \/wp:column --><\/p>\n<\/div>\n<p><!-- \/wp:columns --><\/p>\n<p><!-- \/wp:heading --><\/p>\n<p><!-- wp:columns --><\/p>\n<div class=\"wp-block-columns\"><!-- wp:column --><\/p>\n<div class=\"wp-block-column\"><!-- wp:image {\"id\":1067,\"sizeSlug\":\"full\",\"linkDestination\":\"none\"} --><\/p>\n<\/div>\n<div class=\"wp-block-column\">\n<div class=\"wp-block-buttons\">\n<div class=\"wp-block-button\">\u00a0<\/div>\n<p><!-- \/wp:image --><\/p>\n<\/div>\n<p><!-- \/wp:column --><\/p>\n<\/div>\n<p><!-- \/wp:columns --><\/p>\n<\/div>\n<p><!-- \/wp:paragraph --><\/p>","protected":false},"excerpt":{"rendered":"<p>Uns erreichen immer wieder Anfragen von Eltern, die wissen m\u00f6chten, ob sie einen Wickeltisch-W\u00e4rmestrahler ben\u00f6tigen oder ob ein kleiner Heizl\u00fcfter [&hellip;]<\/p>\n","protected":false},"author":1,"featured_media":1290,"comment_status":"open","ping_status":"open","sticky":false,"template":"","format":"standard","meta":{"footnotes":""},"categories":[12],"tags":[],"class_list":["post-1082","post","type-post","status-publish","format-standard","has-post-thumbnail","hentry","category-pflege-und-gesundheit"],"_links":{"self":[{"href":"https:\/\/www.reer.de\/blog\/wp-json\/wp\/v2\/posts\/1082","targetHints":{"allow":["GET"]}}],"collection":[{"href":"https:\/\/www.reer.de\/blog\/wp-json\/wp\/v2\/posts"}],"about":[{"href":"https:\/\/www.reer.de\/blog\/wp-json\/wp\/v2\/types\/post"}],"author":[{"embeddable":true,"href":"https:\/\/www.reer.de\/blog\/wp-json\/wp\/v2\/users\/1"}],"replies":[{"embeddable":true,"href":"https:\/\/www.reer.de\/blog\/wp-json\/wp\/v2\/comments?post=1082"}],"version-history":[{"count":20,"href":"https:\/\/www.reer.de\/blog\/wp-json\/wp\/v2\/posts\/1082\/revisions"}],"predecessor-version":[{"id":3496,"href":"https:\/\/www.reer.de\/blog\/wp-json\/wp\/v2\/posts\/1082\/revisions\/3496"}],"wp:featuredmedia":[{"embeddable":true,"href":"https:\/\/www.reer.de\/blog\/wp-json\/wp\/v2\/media\/1290"}],"wp:attachment":[{"href":"https:\/\/www.reer.de\/blog\/wp-json\/wp\/v2\/media?parent=1082"}],"wp:term":[{"taxonomy":"category","embeddable":true,"href":"https:\/\/www.reer.de\/blog\/wp-json\/wp\/v2\/categories?post=1082"},{"taxonomy":"post_tag","embeddable":true,"href":"https:\/\/www.reer.de\/blog\/wp-json\/wp\/v2\/tags?post=1082"}],"curies":[{"name":"wp","href":"https:\/\/api.w.org\/{rel}","templated":true}]}}